{"id":724,"date":"2024-10-09T17:24:21","date_gmt":"2024-10-09T15:24:21","guid":{"rendered":"\/\/fri.land\/blog\/?p=724"},"modified":"2024-10-10T09:54:58","modified_gmt":"2024-10-10T07:54:58","slug":"was-in-den-trekkingrucksack-packen-was-man-bei-einer-wanderung-mitnehmen-sollte","status":"publish","type":"post","link":"https:\/\/fri.land\/blog\/de\/was-in-den-trekkingrucksack-packen-was-man-bei-einer-wanderung-mitnehmen-sollte\/","title":{"rendered":"Was in den Trekkingrucksack packen? Was man bei einer Wanderung mitnehmen sollte"},"content":{"rendered":"\n<p>Wenn du eine Wanderung in den Bergen oder drau\u00dfen in der Natur planst, wirst du dich irgendwann fragen: Was muss ich in meinen Wanderrucksack packen?<\/p>\n\n\n\n<p>Keine Panik! Heute sehen wir uns gemeinsam an, wie man den Wanderrucksack richtig packt und was man f\u00fcr eine Wanderung mitnehmen sollte. Egal ob f\u00fcr einen Tag oder mehrere Tage \u2013 das Wichtigste ist, einen leichten und minimalistischen Rucksack vorzubereiten, um das Gewicht nicht zu \u00fcbertreiben und die Erm\u00fcdung w\u00e4hrend der Wanderung zu reduzieren.<\/p>\n\n\n\n<p>Schauen wir uns die notwendigen Elemente an.<\/p>\n\n\n\n<ul class=\"wp-block-list\">\n<li><a href=\"\/\/fri.land\/de\/zeitung\/artikel\/35-was-in-den-trekkingrucksack-packen-was-man-bei-einer-wanderung-mitnehmen-sollte#Zaino\">Der Wanderrucksack<\/a><\/li>\n\n\n\n<li><a href=\"\/\/fri.land\/de\/zeitung\/artikel\/35-was-in-den-trekkingrucksack-packen-was-man-bei-einer-wanderung-mitnehmen-sollte#Abbigliamento\">Kleidung<\/a><\/li>\n\n\n\n<li><a href=\"\/\/fri.land\/de\/zeitung\/artikel\/35-was-in-den-trekkingrucksack-packen-was-man-bei-einer-wanderung-mitnehmen-sollte#Rifornimenti\">Verpflegung<\/a><\/li>\n\n\n\n<li><a href=\"\/\/fri.land\/de\/zeitung\/artikel\/35-was-in-den-trekkingrucksack-packen-was-man-bei-einer-wanderung-mitnehmen-sollte#Accessori\">N\u00fctzliche Accessoires<\/a><\/li>\n\n\n\n<li><a href=\"\/\/fri.land\/de\/zeitung\/artikel\/35-was-in-den-trekkingrucksack-packen-was-man-bei-einer-wanderung-mitnehmen-sollte#Sicurezza\">Sicherheitskit<\/a><\/li>\n\n\n\n<li><a href=\"\/\/fri.land\/de\/zeitung\/artikel\/35-was-in-den-trekkingrucksack-packen-was-man-bei-einer-wanderung-mitnehmen-sollte#Giorni\">Mehrt\u00e4gige Wanderungen<\/a><\/li>\n<\/ul>\n\n\n\n<figure class=\"wp-block-image size-full\"><img decoding=\"async\" width=\"1200\" height=\"800\" src=\"https:\/\/fri.land\/blog\/wp-content\/uploads\/2024\/10\/come_preparare_lo_zaino-1.jpeg\" alt=\"\" class=\"wp-image-725\" title=\"wie man den Wanderrucksack packt\" srcset=\"https:\/\/fri.land\/blog\/wp-content\/uploads\/2024\/10\/come_preparare_lo_zaino-1.jpeg 1200w, https:\/\/fri.land\/blog\/wp-content\/uploads\/2024\/10\/come_preparare_lo_zaino-1-300x200.jpeg 300w, https:\/\/fri.land\/blog\/wp-content\/uploads\/2024\/10\/come_preparare_lo_zaino-1-768x512.jpeg 768w\" sizes=\"(max-width: 1200px) 100vw, 1200px\" \/><\/figure>\n\n\n\n<h2 class=\"wp-block-heading\"><a>1. Der Wanderrucksack<\/a><\/h2>\n\n\n\n<p>Bevor wir mit der Liste der Dinge beginnen, die in den Rucksack geh\u00f6ren, musst du \u00fcberlegen, welche Art von Rucksack du brauchst: Planst du eine eint\u00e4gige Wanderung in den Bergen? Dann sollte ein Rucksack mit 20-30 Litern ausreichen.<\/p>\n\n\n\n<p>Wenn es sich jedoch um eine mehrt\u00e4gige Wanderung handelt, ben\u00f6tigst du m\u00f6glicherweise einen gr\u00f6\u00dferen Rucksack mit 40-60 Litern Fassungsverm\u00f6gen.<\/p>\n\n\n\n<p>Neben der Auswahl der richtigen Rucksackgr\u00f6\u00dfe ist der Komfort entscheidend. Daher ist es ratsam, einen Rucksack mit gepolsterten Schultergurten und einem H\u00fcftgurt zu w\u00e4hlen, um das Gewicht besser zu verteilen.<\/p>\n\n\n\n<p>Falls dies deine erste Wanderung ist, k\u00f6nnten dir auch einige&nbsp;<a target=\"_blank\" href=\"\/\/fri.land\/de\/zeitung\/artikel\/33-trekking-fur-anfanger-wichtige-tipps-fur-den-einstieg\" rel=\"noreferrer noopener\">wichtige Tipps f\u00fcr Einsteiger<\/a>&nbsp;n\u00fctzlich sein.<\/p>\n\n\n\n<h2 class=\"wp-block-heading\"><a>2. Kleidung<\/a><\/h2>\n\n\n\n<p>Zun\u00e4chst einmal gilt in den Bergen die Regel: \u201eZwiebelprinzip\u201c!<\/p>\n\n\n\n<p>Je h\u00f6her du steigst, desto mehr ver\u00e4ndert sich die Temperatur; beim Auf- und Abstieg variiert auch der Schwierigkeitsgrad, und du k\u00f6nntest mal mehr oder mal weniger schwitzen. Auch das Wetter kann sich in den Bergen schnell \u00e4ndern, genauso wie die Temperatur, die je nach Tageszeit schwankt.<\/p>\n\n\n\n<p>Oft wirst du das Bed\u00fcrfnis haben, Schichten hinzuzuf\u00fcgen oder zu entfernen und diese dann aus dem Rucksack zu holen oder darin zu verstauen.<\/p>\n\n\n\n<h3 class=\"wp-block-heading\">Liste der Kleidung f\u00fcr den Notfall<\/h3>\n\n\n\n<p>Zus\u00e4tzlich zur technischen Kleidung, die du beim Start tr\u00e4gst (Wanderschuhe, Funktionsshirt, Wanderst\u00f6cke usw.), wirst du bei Bedarf m\u00f6glicherweise zus\u00e4tzliche Kleidungsst\u00fccke aus dem Rucksack ben\u00f6tigen.<\/p>\n\n\n\n<p>Hier ist die Liste der Kleidungsst\u00fccke, die du im Rucksack haben solltest:<\/p>\n\n\n\n<ul class=\"wp-block-list\">\n<li>Zus\u00e4tzlicher Fleece oder Pullover, am besten atmungsaktiv und mit Rei\u00dfverschluss<\/li>\n\n\n\n<li>Wasserdichte Jacke<\/li>\n\n\n\n<li>Hut zum Schutz vor der Sonne bei Hitze oder eine warme M\u00fctze bei K\u00e4lte<\/li>\n\n\n\n<li>Sonnenbrille<\/li>\n\n\n\n<li>Handschuhe \u2013 besser technische Wanderhandschuhe, um den Griff an den Wanderst\u00f6cken zu behalten<\/li>\n<\/ul>\n\n\n\n<h3 class=\"wp-block-heading\">Lass zus\u00e4tzlichen Platz im Rucksack<\/h3>\n\n\n\n<p>Gleichzeitig, wie wir gesehen haben, k\u00f6nntest du das Bed\u00fcrfnis haben, Kleidung abzulegen \u2013 beispielsweise bei gro\u00dfer Hitze \u2013 und sie im Rucksack zu verstauen.<\/p>\n\n\n\n<p>Die allgemeine Empfehlung lautet: Lass immer etwas Platz im Rucksack, man wei\u00df nie, was man brauchen k\u00f6nnte.<\/p>\n\n\n\n<h2 class=\"wp-block-heading\"><a>3. Verpflegung<\/a><\/h2>\n\n\n\n<p>Oft wirst du entlang des Weges eine Pause im Schatten einlegen wollen, und wenn du einen kleinen Snack dabei hast, kannst du den Hunger bis zum Mittagessen stillen.<\/p>\n\n\n\n<p>Hier sind einige Tipps.<\/p>\n\n\n\n<h3 class=\"wp-block-heading\">Wasser und Snacks<\/h3>\n\n\n\n<p>Du wirst Durst haben! Oft. Und auch ein kleines H\u00fcngerchen. Packe also eine Trinkflasche mit frischem Wasser und einige Snacks in den Rucksack. F\u00fcr eine kurze Wanderung solltest du mindestens 1,5-2 Liter Wasser mitnehmen.<\/p>\n\n\n\n<p>Als Snack nehme ich gerne Trockenfr\u00fcchte und frisches Obst mit, aber du kannst mitnehmen, was dir am besten schmeckt. Denke nur daran, schwere oder besonders zuckerhaltige Lebensmittel zu vermeiden, da du nach den Pausen weitergehen musst und es dir hilft, leicht zu bleiben.<\/p>\n\n\n\n<h3 class=\"wp-block-heading\">Lunchpaket<\/h3>\n\n\n\n<p>Wahrscheinlich wirst du auf dem Weg H\u00fctten finden, in denen du auch Mittag essen kannst. Wenn du dich f\u00fcr eine H\u00fctte entscheidest, solltest du sicherstellen, dass sie ge\u00f6ffnet ist, bevor du losgehst. Wenn du stattdessen ein Picknick machen m\u00f6chtest, musst du auch ein Lunchpaket in deinem Rucksack verstauen.<\/p>\n\n\n\n<p>In diesem Fall ist ein Sandwich besonders praktisch, da es keine schweren oder sperrigen Lunchboxen ben\u00f6tigt und in einfachen Stoffservietten eingewickelt werden kann, um unn\u00f6tige Verpackungen zu vermeiden.<\/p>\n\n\n\n<p>Denke jedoch daran, es nicht mit fettigen Zutaten zu belegen, um keine unangenehmen \u00dcberraschungen im Rucksack zu erleben.<\/p>\n\n\n\n<h2 class=\"wp-block-heading\"><a>4. N\u00fctzliche Accessoires<\/a><\/h2>\n\n\n\n<p>Neben Kleidung, Essen und Wasser k\u00f6nntest du auch einige andere Dinge ben\u00f6tigen.<\/p>\n\n\n\n<h3 class=\"wp-block-heading\">Grundlegende Accessoires<\/h3>\n\n\n\n<ul class=\"wp-block-list\">\n<li>Taschent\u00fccher oder Desinfektionst\u00fccher<\/li>\n\n\n\n<li>Sonnencreme<\/li>\n\n\n\n<li>Bei K\u00e4lte sch\u00fctzende Handcreme und Lippenbalsam, um rissige Lippen zu vermeiden<\/li>\n\n\n\n<li>Ein biologisch abbaubarer M\u00fcllbeutel, um eventuellen M\u00fcll zu sammeln, damit du nichts in der Natur hinterl\u00e4sst<\/li>\n<\/ul>\n\n\n\n<h3 class=\"wp-block-heading\">Zus\u00e4tzliche Accessoires<\/h3>\n\n\n\n<p>Bisher haben wir das N\u00f6tigste gesehen, das du f\u00fcr einen minimalistischen Rucksack mitnehmen solltest. Wenn du jedoch sicherstellen m\u00f6chtest, dass du wirklich alles dabei hast, was du brauchst, hier noch einige zus\u00e4tzliche Accessoires, die w\u00e4hrend der Wanderung n\u00fctzlich sein k\u00f6nnten.<\/p>\n\n\n\n<p>Denke jedoch daran, dass der Platz begrenzt ist und das Gewicht des Rucksacks auf deinen Schultern lastet \u2013 es ist also eine Frage der Wahl.<\/p>\n\n\n\n<ul class=\"wp-block-list\">\n<li>Eine Decke, um sich auf die Wiese zu setzen, falls das Gras nass ist<\/li>\n\n\n\n<li>Ein Buch<\/li>\n\n\n\n<li>M\u00fcckenspray \/ Insektenschutzmittel<\/li>\n\n\n\n<li>Eine Taschenlampe, falls du dich bis sp\u00e4t aufhalten m\u00f6chtest<\/li>\n\n\n\n<li>Stift und Papier, falls du gerne schreibst, wenn die Inspiration dich packt<\/li>\n<\/ul>\n\n\n\n<figure class=\"wp-block-image size-large\"><img decoding=\"async\" width=\"1200\" height=\"800\" src=\"https:\/\/fri.land\/blog\/wp-content\/uploads\/2024\/10\/contenuto_zaino-1-1200x800.jpeg\" alt=\"\" class=\"wp-image-728\" title=\"Was man in den Wanderrucksack packen sollte\" srcset=\"https:\/\/fri.land\/blog\/wp-content\/uploads\/2024\/10\/contenuto_zaino-1-1200x800.jpeg 1200w, https:\/\/fri.land\/blog\/wp-content\/uploads\/2024\/10\/contenuto_zaino-1-300x200.jpeg 300w, https:\/\/fri.land\/blog\/wp-content\/uploads\/2024\/10\/contenuto_zaino-1-768x512.jpeg 768w, https:\/\/fri.land\/blog\/wp-content\/uploads\/2024\/10\/contenuto_zaino-1-1536x1024.jpeg 1536w, https:\/\/fri.land\/blog\/wp-content\/uploads\/2024\/10\/contenuto_zaino-1.jpeg 1920w\" sizes=\"(max-width: 1200px) 100vw, 1200px\" \/><\/figure>\n\n\n\n<h2 class=\"wp-block-heading\"><a>5. Sicherheitskit<\/a><\/h2>\n\n\n\n<p>Im Rucksack k\u00f6nnte es sich lohnen, einige zus\u00e4tzliche Gegenst\u00e4nde mitzunehmen, auch wenn dies etwas mehr Gewicht bedeutet. Heute werden wir keine \u00dcberlebenswerkzeuge vertiefen, aber wir listen zumindest einige kleine Vorsichtsma\u00dfnahmen auf, die im Notfall den Unterschied machen k\u00f6nnen.<\/p>\n\n\n\n<h3 class=\"wp-block-heading\">Erste-Hilfe-Set<\/h3>\n\n\n\n<ul class=\"wp-block-list\">\n<li>Pflaster \u2013 auch solche f\u00fcr Blasen<\/li>\n\n\n\n<li>Verb\u00e4nde und Desinfektionsmittel<\/li>\n\n\n\n<li>Schere und Pinzette<\/li>\n\n\n\n<li>Grundlegende Medikamente<\/li>\n<\/ul>\n\n\n\n<h3 class=\"wp-block-heading\">Notfallwerkzeuge<\/h3>\n\n\n\n<ul class=\"wp-block-list\">\n<li>Ein Ger\u00e4t, um sich nicht zu verirren (Apps f\u00fcr Trekking, Karten, GPS usw.) \u2013 eine Idee ist es, die Karte der Gegend vor der Abreise herunterzuladen, z. B. auf Google Maps, damit du sie auch ohne Netzverbindung nutzen kannst<\/li>\n\n\n\n<li>Powerbank \u2013 falls der Akku deines Telefons leer wird<\/li>\n\n\n\n<li>Kompass \u2013 falls du kein Handy mehr hast, k\u00f6nnte er n\u00fctzlich sein<\/li>\n\n\n\n<li>Pfeife<\/li>\n\n\n\n<li>Feuerzeug oder Streichh\u00f6lzer<\/li>\n\n\n\n<li>Taschenlampe<\/li>\n\n\n\n<li>Multifunktionsmesser<\/li>\n\n\n\n<li>Schnur<\/li>\n\n\n\n<li>Notrufnummern f\u00fcr die Region<\/li>\n<\/ul>\n\n\n\n<h2 class=\"wp-block-heading\"><a>6. Mehrt\u00e4gige Wanderungen<\/a><\/h2>\n\n\n\n<p>Wenn es sich um eine mehrt\u00e4gige Wanderung handelt, brauchst du neben all den oben genannten Accessoires nat\u00fcrlich einen gr\u00f6\u00dferen Rucksack und einige weitere Gegenst\u00e4nde. Hier ist, was du f\u00fcr eine mehrt\u00e4gige Wanderung in den Rucksack packen solltest:<\/p>\n\n\n\n<h3 class=\"wp-block-heading\">Wechselkleidung<\/h3>\n\n\n\n<ul class=\"wp-block-list\">\n<li>Trockene und schnell trocknende Wechselkleidung<\/li>\n\n\n\n<li>Wechselunterw\u00e4sche<\/li>\n\n\n\n<li>Socken \u2013 immer besser, ein paar extra mitzunehmen, falls sie nass werden<\/li>\n\n\n\n<li>Kleidung zum Schlafen (Schlafanzug und warme Socken, falls es kalt ist)<\/li>\n<\/ul>\n\n\n\n<h3 class=\"wp-block-heading\">Pers\u00f6nliche Hygiene<\/h3>\n\n\n\n<ul class=\"wp-block-list\">\n<li>Ein Kulturbeutel mit allem Notwendigen (Zahnb\u00fcrste, Zahnpasta, Deo, Seife)<\/li>\n<\/ul>\n\n\n\n<h3 class=\"wp-block-heading\">Ausr\u00fcstung<\/h3>\n\n\n\n<p>Nat\u00fcrlich gibt es in den Bergen viele&nbsp;<a target=\"_blank\" href=\"\/\/fri.land\/de\/reiseziele\" rel=\"noreferrer noopener\">interessante Orte zum \u00dcbernachten<\/a>, um die Wanderung zu unterbrechen. Wenn du dich jedoch entscheidest, unterwegs zu \u00fcbernachten, k\u00f6nntest du auch folgendes ben\u00f6tigen:<\/p>\n\n\n\n<ul class=\"wp-block-list\">\n<li>Schlafsack<\/li>\n\n\n\n<li>Isomatte<\/li>\n\n\n\n<li>Zelt<\/li>\n\n\n\n<li>Kompaktes Kissen<\/li>\n\n\n\n<li>Eine Decke<\/li>\n\n\n\n<li>Eine Rolle Toilettenpapier<\/li>\n\n\n\n<li>Ein Handtuch<\/li>\n\n\n\n<li>Wasserfilter oder Wasservorr\u00e4te<\/li>\n\n\n\n<li>Kocher und Geschirr<\/li>\n\n\n\n<li>Vorr\u00e4te f\u00fcr mehrere Tage \u2013 getrocknete Lebensmittel k\u00f6nnen praktisch sein<\/li>\n<\/ul>\n\n\n\n<h2 class=\"wp-block-heading\">Fazit<\/h2>\n\n\n\n<p>Ein gut organisierter Wanderrucksack ist der erste Schritt, um das Erlebnis leicht und sorgenfrei zu genie\u00dfen.<\/p>\n\n\n\n<p>Mit dieser Liste hast du alles Wichtige dabei, und nach deinen ersten Wanderungen wirst du wissen, wie du deinen Rucksack je nach deinen Bed\u00fcrfnissen anpassen kannst.<\/p>\n\n\n\n<p>Gut, jetzt bist du bereit! Sobald du dein&nbsp;<a href=\"\/\/fri.land\/de\/reiseziele\" target=\"_blank\" rel=\"noreferrer noopener\">Reiseziel ausgew\u00e4hlt<\/a>&nbsp;hast, bleibt dir nur noch, deinen Rucksack zu packen! Also durch die Liste scrollen, Rucksack auf und viel Spa\u00df!<a href=\"\/\/fri.land\/de\/zeitung\"><\/a><\/p>\n","protected":false},"excerpt":{"rendered":"<p>Wenn du eine Wanderung in den Bergen oder drau\u00dfen in der Natur planst, wirst du dich irgendwann fragen: Was muss ich in meinen Wanderrucksack packen? Keine Panik! Heute sehen wir uns gemeinsam an, wie man den Wanderrucksack richtig packt und was man f\u00fcr eine Wanderung mitnehmen sollte. Egal ob f\u00fcr einen Tag oder mehrere Tage [&hellip;]<\/p>\n","protected":false},"author":3,"featured_media":728,"comment_status":"open","ping_status":"closed","sticky":false,"template":"","format":"standard","meta":{"powered_cache_disable_cache":false,"powered_cache_disable_lazyload":false,"powered_cache_disable_critical_css":false,"powered_cache_specific_critical_css":false,"powered_cache_disable_ucss":false,"powered_cache_specific_ucss":false,"powered_cache_disable_css_optimization":false,"powered_cache_disable_js_optimization":false,"powered_cache_disable_js_defer":false,"powered_cache_disable_js_delay":false,"footnotes":""},"categories":[18],"tags":[],"class_list":["post-724","post","type-post","status-publish","format-standard","has-post-thumbnail","hentry","category-entspannende-erlebnisse"],"_links":{"self":[{"href":"https:\/\/fri.land\/blog\/de\/wp-json\/wp\/v2\/posts\/724","targetHints":{"allow":["GET"]}}],"collection":[{"href":"https:\/\/fri.land\/blog\/de\/wp-json\/wp\/v2\/posts"}],"about":[{"href":"https:\/\/fri.land\/blog\/de\/wp-json\/wp\/v2\/types\/post"}],"author":[{"embeddable":true,"href":"https:\/\/fri.land\/blog\/de\/wp-json\/wp\/v2\/users\/3"}],"replies":[{"embeddable":true,"href":"https:\/\/fri.land\/blog\/de\/wp-json\/wp\/v2\/comments?post=724"}],"version-history":[{"count":2,"href":"https:\/\/fri.land\/blog\/de\/wp-json\/wp\/v2\/posts\/724\/revisions"}],"predecessor-version":[{"id":758,"href":"https:\/\/fri.land\/blog\/de\/wp-json\/wp\/v2\/posts\/724\/revisions\/758"}],"wp:featuredmedia":[{"embeddable":true,"href":"https:\/\/fri.land\/blog\/de\/wp-json\/wp\/v2\/media\/728"}],"wp:attachment":[{"href":"https:\/\/fri.land\/blog\/de\/wp-json\/wp\/v2\/media?parent=724"}],"wp:term":[{"taxonomy":"category","embeddable":true,"href":"https:\/\/fri.land\/blog\/de\/wp-json\/wp\/v2\/categories?post=724"},{"taxonomy":"post_tag","embeddable":true,"href":"https:\/\/fri.land\/blog\/de\/wp-json\/wp\/v2\/tags?post=724"}],"curies":[{"name":"wp","href":"https:\/\/api.w.org\/{rel}","templated":true}]}}