{"id":119,"date":"2023-02-24T15:57:30","date_gmt":"2023-02-24T14:57:30","guid":{"rendered":"\/\/fri.land\/blog\/?p=119"},"modified":"2025-05-15T16:59:20","modified_gmt":"2025-05-15T14:59:20","slug":"scopri-la-val-saisera-percorsi-escursioni-e-cultura-gastronomica","status":"publish","type":"post","link":"https:\/\/fri.land\/blog\/scopri-la-val-saisera-percorsi-escursioni-e-cultura-gastronomica\/","title":{"rendered":"Scopri la Val Saisera: percorsi, escursioni e cultura gastronomica"},"content":{"rendered":"\n<p>Benvenuti nella Val Saisera, un gioiello nascosto incastonato tra le maestose vette delle Alpi Giulie, dove il tempo si dilata e la natura regna sovrana.<\/p>\n\n\n\n<p>Qui, il tempo rallenta e la natura ti invita a esplorare boschi secolari, laghi cristallini e vette maestose. Con attivit\u00e0 all\u2019aria aperta come escursioni panoramiche, arrampicata e mountain bike, la Val Saisera \u00e8 il luogo ideale per una fuga lontano dal caos della vita quotidiana. Scopri la magia di questa valle alpina e lasciati conquistare dalla sua pace e serenit\u00e0!<\/p>\n\n\n\n<h2 class=\"wp-block-heading\">Escursioni e percorsi immersi nella natura<\/h2>\n\n\n\n<p>Grazie alla nostra partnership con Komoot (sito che permette di pianificare le escursioni nella natura) abbiamo creato delle raccolte delle nostre escursioni preferite da fare a piedi oppure in bici.<\/p>\n\n\n\n<p>In queste raccolte potrai trovare informazioni su lunghezza, tempo di percorrenza, dislivello, traccia gpx, tipo di terreno, livello di difficolt\u00e0 e highlights (luoghi pi\u00f9 amati dalla community di Komoot).<\/p>\n\n\n\n<p><a target=\"_blank\" href=\"\/\/www.komoot.com\/it-it\/collection\/2067150\/-friland-val-saisera-escursioni-nelle-alpi-giulie\" rel=\"noreferrer noopener\">Raccolta escursioni a piedi<\/a><br><a target=\"_blank\" href=\"\/\/www.komoot.com\/it-it\/collection\/2074824\/-friland-val-saisera-da-percorrere-in-bicicletta\" rel=\"noreferrer noopener\">Raccolta tour in bicicletta<\/a><\/p>\n\n\n\n<p>Oltre ai consigli di Komoot, ti suggeriamo anche questi percorsi:<\/p>\n\n\n\n<div class=\"wp-block-columns is-layout-flex wp-container-core-columns-is-layout-9d6595d7 wp-block-columns-is-layout-flex\">\n<div class=\"wp-block-column is-layout-flow wp-block-column-is-layout-flow\" style=\"flex-basis:66.66%\">\n<h3 class=\"wp-block-heading\">Forest sound track<\/h3>\n\n\n\n<p>Il \u201cSentiero degli abeti di risonanza\u201d, \u00e8 un percorso adatto a tutti all\u2019interno della Foresta Millenaria di Tarvisio, che termina in un meraviglioso bosco di abeti rossi, il cui legno \u00e8 ideale per la produzione di strumenti musicali di qualit\u00e0, come violini, viole, chitarre e pianoforti.<\/p>\n\n\n\n<p>L\u2019abete di risonanza \u00e8 il vero protagonista del percorso, anche grazie alle sculture e alle tabelle didattiche presenti lungo la passeggiata.<\/p>\n\n\n\n<p>Ci sono molteplici punti di accesso al sentiero, noi suggeriamo il pi\u00f9 comodo per chi parte dall\u2019alloggio Friland:&nbsp;<a target=\"_blank\" href=\"\/\/www.komoot.it\/tour\/892607760\" rel=\"noreferrer noopener\">The Forest Sound Track<\/a><\/p>\n<\/div>\n\n\n\n<div class=\"wp-block-column is-layout-flow wp-block-column-is-layout-flow\" style=\"flex-basis:33.33%\">\n<figure class=\"wp-block-image size-full\"><img decoding=\"async\" width=\"683\" height=\"1024\" src=\"https:\/\/fri.land\/blog\/wp-content\/uploads\/2024\/09\/val-saisera-sentiero.jpg\" alt=\"\" class=\"wp-image-123\" srcset=\"https:\/\/fri.land\/blog\/wp-content\/uploads\/2024\/09\/val-saisera-sentiero.jpg 683w, https:\/\/fri.land\/blog\/wp-content\/uploads\/2024\/09\/val-saisera-sentiero-200x300.jpg 200w\" sizes=\"(max-width: 683px) 100vw, 683px\" \/><\/figure>\n<\/div>\n<\/div>\n\n\n\n<h3 class=\"wp-block-heading\">Parco tematico Abschnitt Saisera<\/h3>\n\n\n\n<p>Il Parco Tematico della Grande Guerra, nel cuore della Val Saisera, \u00e8 un interessante itinerario alla scoperta delle linee difensive costruite dall\u2019Impero Asburgico per proteggersi dall\u2019accesso dei soldati italiani, che avrebbero potuto facilmente penetrare dalla Val Dogna. Il percorso permette di ossevare i resti delle trincee, camminamenti e grotte, che servivano da rifugio o come postazioni di artiglieria. Il percorso \u00e8 costituito da tre anelli consecutivi, segnalati dai colori verde, blu e rosso. Tutti i luoghi d\u2019interesse sono segnalati da cartelli riportanti informazioni e immagini storiche.<\/p>\n\n\n\n<p><a href=\"https:\/\/www.turismofvg.it\/it\/grandeguerra-alpi-giulie\/parco-tematico-della-grande-guerra-abschnitt-saisera\" target=\"_blank\" data-type=\"link\" data-id=\"https:\/\/www.turismofvg.it\/it\/grandeguerra-alpi-giulie\/parco-tematico-della-grande-guerra-abschnitt-saisera\" rel=\"noreferrer noopener\">Parco Tematico della Grande Guerra<\/a><\/p>\n\n\n\n<h3 class=\"wp-block-heading\">Rifugio Grego (m. 1389 slm)<\/h3>\n\n\n\n<p>Il Rifugio Grego, \u00e8 raggiungibile in circa un\u2019ora di cammino, attraverso il bellissimo sentiero CAI 611, facile e senza particolari difficolt\u00e0 tecniche. La cucina del rifugio offre piatti della tradizione, da degustare con una meravigliosa vista sulle pareti nord dello J\u00f4f di Montasio e sui versanti ovest dello J\u00f4f Fuart e Nabois. Il rifugio \u00e8 aperto dal 15 giugno al 15 settembre tutti i giorni . Nella restante parte dell\u2019anno \u00e8 aperto il fine settimana (si consiglia di telefonare per conferma: Tel. +39 0428 609111 \/ Cell. +39 349 1997876).<\/p>\n\n\n\n<h3 class=\"wp-block-heading\">Bivacco Stuparich<\/h3>\n\n\n\n<p>Il bivacco, a ridosso del versante Nord dello J\u00f4f di Montasio, \u00e8 raggiungibile con un\u2019ora e mezza di cammino dal Rifugio Grego, proseguendo lungo il sentiero CAI 611. ll primo tratto della camminata si svolge all\u2019interno del bosco, all\u2019uscita del quale si potr\u00e0 godere di una splendida vista sulla parete Nord dello J\u00f4f di Montasio.<\/p>\n\n\n\n<h3 class=\"wp-block-heading\">Monte Lussari<\/h3>\n\n\n\n<p>Il Borgo pi\u00f9 alto del Friuli (1790 m.), \u00e8 luogo di preghiera e meta di pellegrinaggio per la presenza di un antico Santuario.<\/p>\n\n\n\n<p>Il Monte Lussari pu\u00f2 essere raggiunto da Camporosso, comodamente in cabinovia, o attraverso il famoso e impegnativo \u201cSentiero del Pellegrino\u201d; in alternativa, direttamente dalla Val Saisera, in corrispondenza dell\u2019agriturismo Prati Oitzinger, parte una strada forestale che conduce in cima in circa 3 ore (915 metri di dislivello). Dal borgo si pu\u00f2 godere di una vista straordinaria sulle pareti di roccia dello J\u00f4f di Montasio, del J\u00f4f Fuart e del Mangart. Numerose e accoglienti locande propongono gustosi piatti tipici della tradizione.<\/p>\n\n\n\n<h2 class=\"wp-block-heading\">IN BICICLETTA<\/h2>\n\n\n\n<h3 class=\"wp-block-heading\">Ciclovia ALPE ADRIA<\/h3>\n\n\n\n<p>l progetto Ciclovia Alpe Adria Radweg CAAR, \u00e8 un esempio di cooperazione transfrontaliera per lo sviluppo della mobilit\u00e0 sostenibile, nato dalla volont\u00e0 delle tre regioni partecipanti (Regione Friuli Venezia Giulia, Land Salisburgo e Land Carinzia) di individuare un itinerario ciclabile transfrontaliero che, congiungendo Salisburgo con Grado, superi il confine fisico costituito dalle Alpi e realizzi un collegamento diretto tra la rete ciclabile centro europea e il mare Adriatico. Dopo il confine italo-austriaco il percorso si snoda in parte sul tracciato della vecchia linea ferroviaria dismessa, attraversando tunnel e vecchie stazioni trasformate in accoglienti punti di ristoro. Dalla Val Saisera la Ciclabile pu\u00f2 essere percorsa in direzione Gemona o in direzione Villach. Interessante la possibilit\u00e0 di effettuare il rientro in treno. Per i percorsi:\u00a0<a href=\"https:\/\/www.alpe-adria-radweg.com\/map\" data-type=\"link\" data-id=\"https:\/\/www.alpe-adria-radweg.com\/map\" target=\"_blank\" rel=\"noreferrer noopener\">Ciclabile Alpe Adria<\/a><\/p>\n\n\n\n<h3 class=\"wp-block-heading\">Zipline Tarvisio<\/h3>\n\n\n\n<p>Hai mai pensato a come sarebbe splendido planare nei cieli, in picchiata come un rapace? Grazie al moderno impianto realizzato ai piedi del monte Lussari l\u2019emozione di volare tra i boschi della foresta millenaria di Tarvisio diventa realt\u00e0 e potrai scegliere di farlo assieme a chi desideri sull\u2019impianto a doppia linea che permette la discesa affiancata in contemporanea di due persone. Con una pendenza del 27%, un dislivello di 143m e una lunghezza di 560m, questo nuovissimo impianto ti permetter\u00e0 di provare un\u2019emozione unica e un divertimento puro irripetibile e svolto in tutta sicurezza. Per maggiori informazioni, consulta questo\u00a0<a href=\"https:\/\/www.turismofvg.it\/it\/montagna365\/zipline-tarvisio\" target=\"_blank\" data-type=\"link\" data-id=\"https:\/\/www.turismofvg.it\/it\/montagna365\/zipline-tarvisio\" rel=\"noreferrer noopener\">sito<\/a>.<\/p>\n\n\n\n<figure class=\"wp-block-image size-full\"><img decoding=\"async\" width=\"1024\" height=\"637\" src=\"https:\/\/fri.land\/blog\/wp-content\/uploads\/2024\/09\/val-saisera-parco-tematico.jpg\" alt=\"\" class=\"wp-image-122\" srcset=\"https:\/\/fri.land\/blog\/wp-content\/uploads\/2024\/09\/val-saisera-parco-tematico.jpg 1024w, https:\/\/fri.land\/blog\/wp-content\/uploads\/2024\/09\/val-saisera-parco-tematico-300x187.jpg 300w, https:\/\/fri.land\/blog\/wp-content\/uploads\/2024\/09\/val-saisera-parco-tematico-768x478.jpg 768w\" sizes=\"(max-width: 1024px) 100vw, 1024px\" \/><\/figure>\n\n\n\n<h2 class=\"wp-block-heading\">Luoghi da non perdere nei dintorni<\/h2>\n\n\n\n<h3 class=\"wp-block-heading\">Malborghetto<\/h3>\n\n\n\n<p>Il cinquecentesco Palazzo Veneziano di Malborghetto ospita un Museo Etnografico che racconta storia, tradizioni e peculiarit\u00e0 ambientali della Valcanale.<\/p>\n\n\n\n<p>All\u2019esterno del palazzo, seguendo i cartelli indicatori, \u00e8 possibile intraprendere un \u201cmini-trekking\u201d, adatto a tutti alla scoperta degli animali selvatici che popolano la zona.<\/p>\n\n\n\n<h3 class=\"wp-block-heading\">Animalborghetto<\/h3>\n\n\n\n<p>La fiaba di Animalborghetto narra quanto accaduto, molti anni fa, nella magica foresta di Tarvisio. Il bosco della fiaba \u00e8 stato ricreato, grazie a sagome di legno dipinte a mano di tutti i mammiferi presenti in Valcanale.<\/p>\n\n\n\n<p>Il&nbsp;<a target=\"_blank\" href=\"\/\/www.turismofvg.it\/it\/montagna365\/parchi-tematici\/animalborghetto\" rel=\"noreferrer noopener\">percorso<\/a>&nbsp;si addentra nel bosco tra pini, carpini, frassini e in una piccola casetta delle fiabe, troverete il testo integrale della favola di Animalborghetto.<\/p>\n\n\n\n<h3 class=\"wp-block-heading\">Laghi di Fusine<\/h3>\n\n\n\n<p>Questi due splendidi laghi alpini, il Lago Superiore e il Lago Inferiore, offrono uno scenario mozzafiato circondato dalle maestose vette delle Alpi Giulie. \u00c8 possibile fare passeggiate attorno ai laghi, fare picnic sulle rive o semplicemente ammirare la tranquillit\u00e0 del paesaggio.<\/p>\n\n\n\n<h3 class=\"wp-block-heading\">Monte Lussari<\/h3>\n\n\n\n<p>Una delle montagne pi\u00f9 iconiche della zona, il Monte Lussari offre viste panoramiche spettacolari sulla Val Saisera e sulle montagne circostanti. \u00c8 raggiungibile tramite una funivia panoramica da Camporosso, oppure attraverso sentieri escursionistici che conducono alla cima, dove si trova il suggestivo Santuario di Monte Lussari.<\/p>\n\n\n\n<h3 class=\"wp-block-heading\">Chiesa di Santa Maria Maggiore a Tarvisio<\/h3>\n\n\n\n<p>Situata nel centro di Tarvisio, questa affascinante chiesa risale al XIII secolo ed \u00e8 un importante sito storico e religioso della zona. L\u2019interno della chiesa \u00e8 decorato con affreschi medievali e opere d\u2019arte sacra, rendendola una tappa interessante per i visitatori interessati alla storia e all\u2019arte.<\/p>\n\n\n\n<h3 class=\"wp-block-heading\">Cave del Predil<\/h3>\n\n\n\n<p>Le origini di Cave del Predil sono legate all\u2019attivit\u00e0 mineraria iniziata ai tempi dell\u2019Antica Roma e cessata nel 1991. Oggi \u00e8 possibile visitare il Museo della Miniera e alcune delle principali gallerie. Quest\u2019area conserva moltissime tracce del passato, in particolare quelle relative alla Grande Guerra. Qui a Cave del Predil, infatti, \u00e8 stato allestito il Museo Storico Militare che offre ai visitatori diverse sale dedicate sia alla Prima e alla Seconda Guerra Mondiale che alle Campagne Napoleoniche.<br>Cave del Predil \u00e8 anche natura; a pochi km dal centro \u00e8 possibile visitare il Lago di Raibl, dalle acque limpide e fredde e di un colore verde azzurro intenso.<\/p>\n\n\n\n<h2 class=\"wp-block-heading\">Un luogo unico per ricaricare le energie<\/h2>\n\n\n\n<p>Immergersi nella Natura e ascoltare i suoi suoni \u00e8 il modo migliore per rigenerare corpo e mente e vivere a pieno l\u2019esperienza alla base del progetto Friland.<\/p>\n\n\n\n<p>SOLO QUI POTRAI<\/p>\n\n\n\n<ul class=\"wp-block-list\">\n<li>Ammirare il Nabois piccolo e grande, il J\u00f4f Fuart e il J\u00f4f di Montasio.<\/li>\n\n\n\n<li>Passeggiare lungo il greto del Rio Saisera e fare un bagno rigenerante.<\/li>\n\n\n\n<li>Fare una passeggiata all\u2019imbrunire, con la torcia in dotazione, lungo parte del percorso \u201cForest Sound Track\u201c, in prossimit\u00e0 dell\u2019alloggio o fino a Valbruna.<\/li>\n\n\n\n<li>Osservare la volta celeste da un punto di vista privilegiato.<\/li>\n\n\n\n<li>Passeggiare tra gli abeti rossi usati dai liutai per produrre strumenti musicali.<\/li>\n\n\n\n<li>Salire a piedi o in funivia in cima al fiabesco Monte Lussari.<\/li>\n\n\n\n<li>Immergerti in una foresta millenaria alla ricerca dei suoi alberi secolari<\/li>\n\n\n\n<li>Provare a riconoscere la flora alpina della Val Canale<\/li>\n\n\n\n<li>Scoprire le tracce degli animali del bosco (ti consigliamo di informarti sulla&nbsp;<a href=\"\/\/rgpbio.it\/riserva\/tarvisio\/\" target=\"_blank\" rel=\"noreferrer noopener\">fauna<\/a>&nbsp;della zona)<\/li>\n\n\n\n<li>Attraversare il confine con la vicina Slovenia e immergerti nel parco naturale del Triglav<\/li>\n\n\n\n<li>Unirti a una ciaspolata notturna<\/li>\n\n\n\n<li>Memorizzare il profumo della foresta<\/li>\n\n\n\n<li>Conoscere le tradizioni di una terra tra tre confini<\/li>\n\n\n\n<li>Individuare le costellazioni nel buio della notte<\/li>\n\n\n\n<li>Goderti il panorama sfrecciando in bici lungo la Ciclovia Alpe Adria<\/li>\n<\/ul>\n\n\n\n<p>Poco distante dal nostro alloggio, nel cuore della Val Saisera avrai la possibilit\u00e0 di partecipare alle sessioni di yoga nel bosco di\u00a0<a href=\"\/\/www.instagram.com\/mountainyoga.it\/\" target=\"_blank\" rel=\"noreferrer noopener\">@mountainyoga<\/a>. Potrai ritrovare il tuo equilibrio interiore immerso nella foresta degli abeti di risonanza, rimanendo cos\u00ec sempre a contatto con la natura. Per tutte le info scrivi a\u00a0<a href=\"https:\/\/www.noitayoga.com\/\" target=\"_blank\" data-type=\"link\" data-id=\"https:\/\/www.noitayoga.com\/\" rel=\"noreferrer noopener\">@NoitaYoga<\/a><\/p>\n\n\n\n<h2 class=\"wp-block-heading\">I sapori del territorio<\/h2>\n\n\n\n<h3 class=\"wp-block-heading\">Trattoria J\u00f4f di Montasio<\/h3>\n\n\n\n<p>A pochi passi dall\u2019alloggio si trova questa tipica struttura alpina, con cucina casalinga e colazione tradizionale, a conduzione familiare. Il locale non \u00e8 aperto per cena. Chiuso il mercoled\u00ec.<\/p>\n\n\n\n<h3 class=\"wp-block-heading\"><a target=\"_blank\" href=\"\/\/www.agriturismopratioitzinger.it\/\" rel=\"noreferrer noopener\">Agriturismo Prati Oitzinger<\/a><\/h3>\n\n\n\n<p>Propone spuntini a base di salumi di produzione propria e di formaggi locali, piatti caldi a base di gnocchi di patate, minestroni, frico di patate con polenta, gulasch, frittate con erbe di stagione, strudel di mele e dolci casalinghi. Su prenotazione, aperto venerd\u00ec, sabato e domenica. Chiuso a maggio e novembre.<\/p>\n\n\n\n<p>Ti segnaliamo inoltre:<\/p>\n\n\n\n<ul class=\"wp-block-list\">\n<li>Pranzo o aperitivo alla&nbsp;<a href=\"\/\/www.facebook.com\/SaiseraHutte\/\" target=\"_blank\" rel=\"noreferrer noopener\">Saisera Hutte<\/a>. Chiuso il luned\u00ec.<\/li>\n\n\n\n<li><a href=\"\/\/www.labaitadeisapori.com\/\" target=\"_blank\" rel=\"noreferrer noopener\">La Baita dei Sapori<\/a>&nbsp;\u2013 Cucina tradizionale della Val Canale \u2013 Valbruna. Mercoled\u00ec chiuso.<\/li>\n\n\n\n<li>Colazione o merenda con i&nbsp;<a href=\"\/\/www.idolcidiirma.it\/it\" target=\"_blank\" rel=\"noreferrer noopener\">Dolci di Irma<\/a>&nbsp;\u2013 Valbruna. Chiuso il luned\u00ec.<\/li>\n\n\n\n<li>Prodotti locali \/ Supermarket \u2013 Alimentari Fiorini \u2013 Valbruna, via Lussari 14<\/li>\n\n\n\n<li>Prodotti locali \u2013 Caseificio di Ugovizza \u2013 Ugovizza, via Pontebbana 24<a href=\"\/\/fri.land\/it\/giornale\"><\/a><\/li>\n<\/ul>\n\n\n\n<p><\/p>\n","protected":false},"excerpt":{"rendered":"<p>Benvenuti nella Val Saisera, un gioiello nascosto incastonato tra le maestose vette delle Alpi Giulie, dove il tempo si dilata e la natura regna sovrana. Qui, il tempo rallenta e la natura ti invita a esplorare boschi secolari, laghi cristallini e vette maestose. Con attivit\u00e0 all\u2019aria aperta come escursioni panoramiche, arrampicata e mountain bike, la [&hellip;]<\/p>\n","protected":false},"author":3,"featured_media":120,"comment_status":"open","ping_status":"closed","sticky":false,"template":"","format":"standard","meta":{"powered_cache_disable_cache":false,"powered_cache_disable_lazyload":false,"powered_cache_disable_critical_css":false,"powered_cache_specific_critical_css":false,"powered_cache_disable_ucss":false,"powered_cache_specific_ucss":false,"powered_cache_disable_css_optimization":false,"powered_cache_disable_js_optimization":false,"powered_cache_disable_js_defer":false,"powered_cache_disable_js_delay":false,"footnotes":""},"categories":[8],"tags":[],"class_list":["post-119","post","type-post","status-publish","format-standard","has-post-thumbnail","hentry","category-territorio"],"_links":{"self":[{"href":"https:\/\/fri.land\/blog\/wp-json\/wp\/v2\/posts\/119","targetHints":{"allow":["GET"]}}],"collection":[{"href":"https:\/\/fri.land\/blog\/wp-json\/wp\/v2\/posts"}],"about":[{"href":"https:\/\/fri.land\/blog\/wp-json\/wp\/v2\/types\/post"}],"author":[{"embeddable":true,"href":"https:\/\/fri.land\/blog\/wp-json\/wp\/v2\/users\/3"}],"replies":[{"embeddable":true,"href":"https:\/\/fri.land\/blog\/wp-json\/wp\/v2\/comments?post=119"}],"version-history":[{"count":4,"href":"https:\/\/fri.land\/blog\/wp-json\/wp\/v2\/posts\/119\/revisions"}],"predecessor-version":[{"id":1550,"href":"https:\/\/fri.land\/blog\/wp-json\/wp\/v2\/posts\/119\/revisions\/1550"}],"wp:featuredmedia":[{"embeddable":true,"href":"https:\/\/fri.land\/blog\/wp-json\/wp\/v2\/media\/120"}],"wp:attachment":[{"href":"https:\/\/fri.land\/blog\/wp-json\/wp\/v2\/media?parent=119"}],"wp:term":[{"taxonomy":"category","embeddable":true,"href":"https:\/\/fri.land\/blog\/wp-json\/wp\/v2\/categories?post=119"},{"taxonomy":"post_tag","embeddable":true,"href":"https:\/\/fri.land\/blog\/wp-json\/wp\/v2\/tags?post=119"}],"curies":[{"name":"wp","href":"https:\/\/api.w.org\/{rel}","templated":true}]}}