{"id":1215,"date":"2023-05-14T10:28:40","date_gmt":"2023-05-14T08:28:40","guid":{"rendered":"\/\/fri.land\/blog\/?p=1215"},"modified":"2025-05-15T16:30:14","modified_gmt":"2025-05-15T14:30:14","slug":"plan-di-coces-natura-terme-e-sapori-locali","status":"publish","type":"post","link":"https:\/\/fri.land\/blog\/plan-di-coces-natura-terme-e-sapori-locali\/","title":{"rendered":"Plan di Coces: Natura, Terme e Sapori Locali"},"content":{"rendered":"\n<p>Benvenuti a Plan di Coces, piccola perla incastonata nella Val d\u2019Incarojo, all\u2019interno del comune di Arta Terme in provincia di Udine!<\/p>\n\n\n\n<p>Il nostro alloggio si trova in mezzo alle montagne, le pi\u00f9 alte sono il Tersadia e la Creta di Mezzod\u00ec. C\u2019\u00e8 inoltre un fiume che passa attraverso la valle dando la possibilit\u00e0 di visitare cascate e forre, uno spazio roccioso compreso tra pareti verticali dovuto all\u2019erosione regressiva dell\u2019acqua.<\/p>\n\n\n\n<p>Subito dietro Plan di Coces troverete un bosco bellissimo dove in autunno il foliage regala colori unici. Qui potrete anche fare delle bellissime camminate ascoltando i bramiti dei cervi o semplicemente il silenzio avvolgente dell\u2019autunno.<\/p>\n\n\n\n<figure class=\"wp-block-image size-large\"><img decoding=\"async\" width=\"1200\" height=\"800\" src=\"https:\/\/fri.land\/blog\/wp-content\/uploads\/2024\/09\/tiny-house-plan-di-coces-1200x800.jpg\" alt=\"\" class=\"wp-image-183\" srcset=\"https:\/\/fri.land\/blog\/wp-content\/uploads\/2024\/09\/tiny-house-plan-di-coces-1200x800.jpg 1200w, https:\/\/fri.land\/blog\/wp-content\/uploads\/2024\/09\/tiny-house-plan-di-coces-300x200.jpg 300w, https:\/\/fri.land\/blog\/wp-content\/uploads\/2024\/09\/tiny-house-plan-di-coces-768x512.jpg 768w, https:\/\/fri.land\/blog\/wp-content\/uploads\/2024\/09\/tiny-house-plan-di-coces-1536x1024.jpg 1536w, https:\/\/fri.land\/blog\/wp-content\/uploads\/2024\/09\/tiny-house-plan-di-coces.jpg 1920w\" sizes=\"(max-width: 1200px) 100vw, 1200px\" \/><\/figure>\n\n\n\n<h2 class=\"wp-block-heading\">Escursioni a Plan di Coces<\/h2>\n\n\n\n<p>Plan di Coces offre l\u2019opportunit\u00e0 di perdersi nei boschi e nelle foreste vicine grazie ai numerosi sentieri che si diramano sulle montagne circostanti. In questa sezione troverete alcuni consigli su camminate a piedi e tour da percorrere in sella alla bicicletta o mountain bike.<\/p>\n\n\n\n<p>Grazie alla nostra partnership con Komoot (sito che permette di pianificare le escursioni nella natura) abbiamo creato delle raccolte delle nostre escursioni preferite da fare a piedi oppure in bici.<\/p>\n\n\n\n<p>In queste raccolte potrai trovare informazioni su lunghezza, tempo di percorrenza, dislivello, traccia gpx, tipo di terreno, livello di difficolt\u00e0 e highlights (luoghi pi\u00f9 amati dalla community di Komoot).<\/p>\n\n\n\n<p><a target=\"_blank\" href=\"\/\/www.komoot.com\/it-it\/collection\/2391440\/-friland-arta-terme-pian-di-coces-escursioni-a-piedi\" rel=\"noreferrer noopener\">\ud83d\udeb6\u2192 Raccolta Escursioni<\/a><\/p>\n\n\n\n<p><a target=\"_blank\" href=\"\/\/www.komoot.com\/it-it\/collection\/2391468\/-friland-arta-terme-pian-di-coces-escursioni-in-sella-alla-bicicletta\" rel=\"noreferrer noopener\">\ud83d\udeb2 \u2192 Raccolta tour in bicicletta<\/a><\/p>\n\n\n\n<figure class=\"wp-block-image size-large\"><img decoding=\"async\" width=\"1200\" height=\"480\" src=\"https:\/\/fri.land\/blog\/wp-content\/uploads\/2024\/09\/panorama-1200x480.jpg\" alt=\"\" class=\"wp-image-184\" srcset=\"https:\/\/fri.land\/blog\/wp-content\/uploads\/2024\/09\/panorama-1200x480.jpg 1200w, https:\/\/fri.land\/blog\/wp-content\/uploads\/2024\/09\/panorama-300x120.jpg 300w, https:\/\/fri.land\/blog\/wp-content\/uploads\/2024\/09\/panorama-768x307.jpg 768w, https:\/\/fri.land\/blog\/wp-content\/uploads\/2024\/09\/panorama-1536x614.jpg 1536w, https:\/\/fri.land\/blog\/wp-content\/uploads\/2024\/09\/panorama.jpg 1920w\" sizes=\"(max-width: 1200px) 100vw, 1200px\" \/><\/figure>\n\n\n\n<h2 class=\"wp-block-heading\">I luoghi da vedere<\/h2>\n\n\n\n<h3 class=\"wp-block-heading\">Arta Terme<\/h3>\n\n\n\n<p>Situato a 442 m slm, il paese di Arta Terme \u00e8 conosciuto a livello nazionale per il suo stabilimento termale, dotato di un moderno centro wellness che sfrutta gli effetti benefici delle acque della fonte Pudia, gi\u00e0 nota in epoca romana. Tutte le cure e i trattamenti termali prevedono sfruttano le propriet\u00e0 uniche dell\u2019acqua Pudia, un\u2019acqua minerale solfato-calcico-magnesiaca-sulfurea che sgorga ad una temperatura di 9 gradi. Il centro termale offre numerosi servizi tra cui piscine e saune, area massaggi, centro estetico, area fitness, area riabilitazione e area ristoro. Per maggiori informazioni potete consultare\u00a0<a href=\"https:\/\/termediarta.it\/\" target=\"_blank\" data-type=\"link\" data-id=\"https:\/\/termediarta.it\/\" rel=\"noreferrer noopener\">questa pagina<\/a>.<\/p>\n\n\n\n<p>Arta \u00e8 il luogo ideale per trascorrere rigeneranti vacanze-benessere, oltre che un ottimo punto di partenza per splendide escursioni tra malghe e rifugi. Nella frazione di Piano d\u2019Arta meritano una visita la Chiesa Parrocchiale dalla singolare forma ottagonale, la duecentesca chiesetta di San Nicol\u00f2 degli Alzeri e quella di Santo Spirito con affreschi del XV secolo.<\/p>\n\n\n\n<h3 class=\"wp-block-heading\">Cabia<\/h3>\n\n\n\n<p>Cabia \u00e8 una piccola frazione di Arta situata sulla sommit\u00e0 di un\u2019altura a 753 m slm da cui si gode di una vista panoramica sulla valle del But. La sua particolare posizione geografica che gli consente di ricevere la luce del sole per tutto l\u2019arco della giornata indipendentemente dalle stagioni, lo splendido panorama a cavallo fra la Valle di Incarojo e quella del But ne fa uno dei luoghi pi\u00f9 interessanti della zona. Cabia \u00e8 rinomata per la distilleria Casato dei Capitani, fondata verso la fine del 1600 e ad oggi gestita dalla quarta generazione della famiglia Gortani. Per conservare l\u2019antica tradizione e ottenere dei prodotti di alta qualit\u00e0 \u00e8 usata come materia prima solamente frutta fresca e di prima qualit\u00e0 che \u00e8 distillata tramite corpi in rame con l\u2019esperienza e la passione tramandate negli anni. Il prodotto principe \u00e8 lo \u201cSliwovitz\u201d, distillato di prugne che rappresenta la storia e la tradizione di Cabia, ad esso si affianca il distillato di pere con un gusto raffinato e genuino. Oltre ai distillati la produzione comprende anche gli Elisir di Mirtillo, di Lampone, di Cumino, di Frutti di Bosco, di Fragoline e di More.<\/p>\n\n\n\n<h3 class=\"wp-block-heading\">Zuglio<\/h3>\n\n\n\n<p>In origine Iulium Carnicum, Zuglio \u00e8 un antico centro romano nato molto probabilmente durante il preconsolato di Giulio Cesare (59-49 a.C.) in prossimit\u00e0 della Via Iulia Augusta ed \u00e8 oggi il centro archeologico principale della Carnia. Nell\u2019area degli scavi si possono ammirare i resti degli antichi edifici che facevano parte dell\u2019antica citt\u00e0 romana di Iulium Carnicum: la basilica civile (prima et\u00e0 imperiale), la base del portico coperto con colonnato a capitelli tuscanici, un settore della platea lastricata con alcune basi di statue, il podio del Tempio, il criptoportico (vano seminterrato) della basilica con scalone di accesso al primo piano. Inoltre, molti reperti preromani, romani e alto medioevali sono esposti nel Civico Museo Archeologico Iulium Carnicum che \u00e8 situato nel Palazzo Tommasi Leschiutta a breve distanza dal Foro. Per maggiori informazioni e per prenotare una visita guidata potete consultare\u00a0<a href=\"https:\/\/www.comune.zuglio.ud.it\/it\/home-2611\/cultura-2614\/il-civico-museo-archeologico-iulium-carnicum-6507\" target=\"_blank\" data-type=\"link\" data-id=\"https:\/\/www.comune.zuglio.ud.it\/it\/home-2611\/cultura-2614\/il-civico-museo-archeologico-iulium-carnicum-6507\" rel=\"noreferrer noopener\">questa pagina<\/a>.<\/p>\n\n\n\n<h3 class=\"wp-block-heading\">Paularo<\/h3>\n\n\n\n<p>Situato al centro della Val D\u2019Incarojo, Paularo \u00e8 un centro apprezzato per la sua natura incontaminata e le numerose possibilit\u00e0 di escursioni in quota. Vi consigliamo una passeggiata per le stradine del centro storico, dove potete ammirare Palazzo Calice Screm, un complesso architettonico con caratteristiche logge sovrapposte e considerato il prototipo della casa carnica, e il settecentesco Palazzo Linussio Fabiani, dimora della famiglia di Jacopo Linussio, creatore di una delle maggiori manifatture tessili settecentesche d\u2019Europa. Nelle botteghe del centro si possono acquistare i tradizionali oggetti dell\u2019artigianato carnico: mobili rustici, piatti, ciotole, taglieri in legno, ceste e gerle, ma anche abiti tradizionali e scarpets. Meritevole di una visita \u00e8 la Mozartina, una preziosa collezione di strumenti musicali antichi e moderni. Per prenotare una visita guidata vi consigliamo\u00a0<a href=\"https:\/\/www.lamozartina.it\/\" target=\"_blank\" data-type=\"link\" data-id=\"https:\/\/www.lamozartina.it\/\" rel=\"noreferrer noopener\">questa pagina<\/a>.<\/p>\n\n\n\n<h3 class=\"wp-block-heading\">Cascata di Salino<\/h3>\n\n\n\n<p>Con un salto di circa 30m, questa cascata circondata da rocce dalle tonalit\u00e0 rosso-giallastre formatesi circa 250 milioni di anni fa crea un anfiteatro unico nel suo genere. L\u2019acqua del rio Roia affiora inaspettata dalle rocce circondate dalla vegetazione, lasciando i visitatori a bocca aperta. La cascata si raggiunge facilmente dalla frazione di Salino, proseguendo lungo la strada che porta a Trello. L\u2019auto pu\u00f2 essere parcheggiata a bordo strada dove \u00e8 presente una piccola piazzola.<\/p>\n\n\n\n<h2 class=\"wp-block-heading\">I sapori del territorio<\/h2>\n\n\n\n<h3 class=\"wp-block-heading\">Ristoro Alla Vecchia Scuola<\/h3>\n\n\n\n<p>Situata nello storico edificio che un tempo ospitava la scuola del paese, questa trattoria propone pietanze della tradizione culinaria della Carnia e non solo come frico e polenta, ottimi primi che variano a seconda degli ingredienti di stagione, secondi di carne anche selvaggina locale e deliziosi dolci fatti in casa. Il ristoro \u00e8 aperto nei fine settimana ma per maggiori informazioni e per prenotare vi consigliamo\u00a0<a href=\"https:\/\/www.facebook.com\/p\/Ristoro-Alla-Vecchia-Scuola-100046991756259\/?locale=it_IT\" target=\"_blank\" data-type=\"link\" data-id=\"https:\/\/www.facebook.com\/p\/Ristoro-Alla-Vecchia-Scuola-100046991756259\/?locale=it_IT\" rel=\"noreferrer noopener\">questa pagina<\/a>.<\/p>\n\n\n\n<h3 class=\"wp-block-heading\">Pizzeria\/ Ristorante Alla Fonte<\/h3>\n\n\n\n<p>Situata di fronte alle Terme di Arta, questa pizzeria sforna ottime pizze leggere grazie alla lievitazione di 96 ore ma con ingredienti di prima qualit\u00e0 e che rispettano la stagionalit\u00e0. Inoltre, la cucina propone deliziose grigliate e altri piatti della cucina italiana.<\/p>\n\n\n\n<h3 class=\"wp-block-heading\">Antica Osteria Candoni<\/h3>\n\n\n\n<p>Situata a Cedarchis, questa osteria a conduzione familiare prepara ottimi piatti della tradizione culinaria friulana come i Cjarsons, polenta e frico, carne di selvaggina locale, taglieri di formaggi e salumi e ottimi dolci fatti in casa. Tutte le pietanze vengono preparate utilizzando materie prime di qualit\u00e0 e a km zero rispettando la stagionalit\u00e0. Per maggiori informazioni e per prenotare vi consigliamo\u00a0<a href=\"https:\/\/www.facebook.com\/candoni.ristowinebar.5\/?locale=it_IT\" target=\"_blank\" data-type=\"link\" data-id=\"https:\/\/www.facebook.com\/candoni.ristowinebar.5\/?locale=it_IT\" rel=\"noreferrer noopener\">questo link<\/a>.<\/p>\n\n\n\n<h3 class=\"wp-block-heading\">Alla Posta<\/h3>\n\n\n\n<p>Questo piccolo ristorante\/pizzeria si trova a Salino e offre deliziosi piatti della tradizione carnica, tra cui spiccano i deliziosi Cjarsons ripieni di un impasto dolce o salato a base di ricotta, fichi, noci, uvetta oppure di erbe spontanee e menta, conditi con burro fuso e una spolverata di ricotta affumicata. Oltre a questa prelibatezza, la cucina propone anche diversi piatti tipici locali come polenta e frico, squisiti primi e secondi a base di carne, tutti preparati con ingredienti di qualit\u00e0 e genuini. Per maggiori informazioni e per prenotare ti consigliamo\u00a0<a href=\"https:\/\/www.facebook.com\/p\/Alla-Posta-100063643175630\/\" target=\"_blank\" data-type=\"link\" data-id=\"https:\/\/www.facebook.com\/p\/Alla-Posta-100063643175630\/\" rel=\"noreferrer noopener\">questa pagina<\/a>.<\/p>\n\n\n\n<figure class=\"wp-block-image size-large\"><img decoding=\"async\" width=\"1200\" height=\"800\" src=\"https:\/\/fri.land\/blog\/wp-content\/uploads\/2024\/09\/interni-1200x800.jpg\" alt=\"\" class=\"wp-image-185\" srcset=\"https:\/\/fri.land\/blog\/wp-content\/uploads\/2024\/09\/interni-1200x800.jpg 1200w, https:\/\/fri.land\/blog\/wp-content\/uploads\/2024\/09\/interni-300x200.jpg 300w, https:\/\/fri.land\/blog\/wp-content\/uploads\/2024\/09\/interni-768x512.jpg 768w, https:\/\/fri.land\/blog\/wp-content\/uploads\/2024\/09\/interni-1536x1024.jpg 1536w, https:\/\/fri.land\/blog\/wp-content\/uploads\/2024\/09\/interni.jpg 1920w\" sizes=\"(max-width: 1200px) 100vw, 1200px\" \/><\/figure>\n\n\n\n<h2 class=\"wp-block-heading\">Un luogo unico per ricaricare le energie<\/h2>\n\n\n\n<p>Solo qui a Plan di Coces potrete:<\/p>\n\n\n\n<ul class=\"wp-block-list\">\n<li>ammirare i colori autunnali e scattare splendide foto del foliage<\/li>\n\n\n\n<li>sentire i bramiti dei cervi<\/li>\n\n\n\n<li>passeggiare nel bosco tinto di rosso, oro e arancione<\/li>\n\n\n\n<li>rilassarvi alle Terme di Arta<\/li>\n\n\n\n<li>degustare gli ottimi Cjarsons<\/li>\n\n\n\n<li>osservare la volta celeste dalla magnifica finestra Friland<a href=\"\/\/fri.land\/it\/giornale\"><\/a><\/li>\n<\/ul>\n","protected":false},"excerpt":{"rendered":"<p>Benvenuti a Plan di Coces, piccola perla incastonata nella Val d\u2019Incarojo, all\u2019interno del comune di Arta Terme in provincia di Udine! Il nostro alloggio si trova in mezzo alle montagne, le pi\u00f9 alte sono il Tersadia e la Creta di Mezzod\u00ec. C\u2019\u00e8 inoltre un fiume che passa attraverso la valle dando la possibilit\u00e0 di visitare [&hellip;]<\/p>\n","protected":false},"author":3,"featured_media":183,"comment_status":"open","ping_status":"closed","sticky":false,"template":"","format":"standard","meta":{"powered_cache_disable_cache":false,"powered_cache_disable_lazyload":false,"powered_cache_disable_critical_css":false,"powered_cache_specific_critical_css":false,"powered_cache_disable_ucss":false,"powered_cache_specific_ucss":false,"powered_cache_disable_css_optimization":false,"powered_cache_disable_js_optimization":false,"powered_cache_disable_js_defer":false,"powered_cache_disable_js_delay":false,"footnotes":""},"categories":[8],"tags":[],"class_list":["post-1215","post","type-post","status-publish","format-standard","has-post-thumbnail","hentry","category-territorio"],"_links":{"self":[{"href":"https:\/\/fri.land\/blog\/wp-json\/wp\/v2\/posts\/1215","targetHints":{"allow":["GET"]}}],"collection":[{"href":"https:\/\/fri.land\/blog\/wp-json\/wp\/v2\/posts"}],"about":[{"href":"https:\/\/fri.land\/blog\/wp-json\/wp\/v2\/types\/post"}],"author":[{"embeddable":true,"href":"https:\/\/fri.land\/blog\/wp-json\/wp\/v2\/users\/3"}],"replies":[{"embeddable":true,"href":"https:\/\/fri.land\/blog\/wp-json\/wp\/v2\/comments?post=1215"}],"version-history":[{"count":2,"href":"https:\/\/fri.land\/blog\/wp-json\/wp\/v2\/posts\/1215\/revisions"}],"predecessor-version":[{"id":1527,"href":"https:\/\/fri.land\/blog\/wp-json\/wp\/v2\/posts\/1215\/revisions\/1527"}],"wp:featuredmedia":[{"embeddable":true,"href":"https:\/\/fri.land\/blog\/wp-json\/wp\/v2\/media\/183"}],"wp:attachment":[{"href":"https:\/\/fri.land\/blog\/wp-json\/wp\/v2\/media?parent=1215"}],"wp:term":[{"taxonomy":"category","embeddable":true,"href":"https:\/\/fri.land\/blog\/wp-json\/wp\/v2\/categories?post=1215"},{"taxonomy":"post_tag","embeddable":true,"href":"https:\/\/fri.land\/blog\/wp-json\/wp\/v2\/tags?post=1215"}],"curies":[{"name":"wp","href":"https:\/\/api.w.org\/{rel}","templated":true}]}}