{"id":141,"date":"2023-02-25T10:27:52","date_gmt":"2023-02-25T09:27:52","guid":{"rendered":"\/\/fri.land\/blog\/?p=141"},"modified":"2025-05-15T16:43:29","modified_gmt":"2025-05-15T14:43:29","slug":"zoncolan-avventure-outdoor-e-panorami-incredibili-nella-natura","status":"publish","type":"post","link":"https:\/\/fri.land\/blog\/zoncolan-avventure-outdoor-e-panorami-incredibili-nella-natura\/","title":{"rendered":"Zoncolan: avventure outdoor e panorami incredibili nella natura"},"content":{"rendered":"\n<p>Ti trovi sul monte Zoncolan, a 1616 m slm e considerato una delle localit\u00e0 montane pi\u00f9 famose e rinomate della regione Friuli Venezia Giulia. L\u2019alloggio Friland \u00e8 situato nel verde prato che durante la stagione invernale ospita la famosa pista 1, pi\u00f9 precisamente l\u2019alloggio \u00e8 situato al di sotto del rifugio Laugiane.<\/p>\n\n\n\n<p>Da qui potrai ammirare la bellezza delle montagne friulane e godere di una vista mozzafiato sul comprensorio sciistico di circa 30km di piste.<\/p>\n\n\n\n<p>Verde, libert\u00e0, silenzio, meraviglia. Lasciati stupire da questo balcone naturale. In questo angolo di paradiso ci sarai solo tu e la pace della montagna.<\/p>\n\n\n\n<h2 class=\"wp-block-heading\">Escursioni e percorsi immersi nella natura<\/h2>\n\n\n\n<p>Grazie alla nostra partnership con Komoot (sito che permette di pianificare le escursioni nella natura) abbiamo creato delle raccolte delle nostre escursioni preferite da fare a piedi oppure in bici.<\/p>\n\n\n\n<p>In queste raccolte potrai trovare informazioni su lunghezza, tempo di percorrenza, dislivello, traccia gpx, tipo di terreno, livello di difficolt\u00e0 e highlights (luoghi pi\u00f9 amati dalla community di Komoot).<\/p>\n\n\n\n<p><a target=\"_blank\" href=\"\/\/www.komoot.com\/it-it\/collection\/2168087\/-friland-escursioni-a-piedi-sul-monte-zoncolan\" rel=\"noreferrer noopener\">Raccolta escursioni a piedi<\/a><br><a target=\"_blank\" href=\"\/\/www.komoot.com\/it-it\/collection\/2168135\/-friland-in-bicicletta-sul-monte-zoncolan\" rel=\"noreferrer noopener\">Raccolta tour in bicicletta<\/a><\/p>\n\n\n\n<p>A questo&nbsp;<a target=\"_blank\" href=\"\/\/www.komoot.com\/it-it\/discover\/Villaga\/@45.4178379%2C11.5142984\/tours?max_distance=30000&amp;sport=hike&amp;map=true\" rel=\"noreferrer noopener\">link<\/a>, invece trovi tutte le escursioni possibili nel raggio di 30 km dal comune in cui ci troviamo.<\/p>\n\n\n\n<p>Oltre ai consigli di Komoot, ti suggeriamo anche che c\u2019\u00e8 la possibilit\u00e0 di noleggiare biciclette per un\u2019uscita guidata (\u00e8 consigliabile prenotare con una settimana di preavviso).<\/p>\n\n\n\n<h2 class=\"wp-block-heading\">Luoghi da non perdere<\/h2>\n\n\n\n<h3 class=\"wp-block-heading\">Sutrio<\/h3>\n\n\n\n<p>Questo caratteristico borgo di montagna, situato ai piedi del monte Zoncolan, si contraddistingue per il piccolo centro storico fatto di piccole strade lastricate e case tipiche in pietra dove si trovano alcune delle pi\u00f9 apprezzate botteghe artigiane di intaglio e scultura di tutta la regione. L\u2019artigianato del legno \u00e8 infatti una delle pi\u00f9 importanti risorse di questo piccolo paese montano, e ha dato vita ad una antica e prestigiosa tradizione portata avanti da generazioni. Grazie a questa maestria lo scorso Natale, Sutrio ha realizzato un presepe interamente in legno che per tutto il periodo natalizio \u00e8 stato esposto in Vaticano presso Piazza San Pietro.<\/p>\n\n\n\n<h3 class=\"wp-block-heading\">Ovaro<\/h3>\n\n\n\n<p>Situato lungo l\u2019ampia e soleggiata Valle del Degano, Ovaro \u00e8 una piccola perla della Carnia. Il \u201cMuseo del Legno e della Segheria Veneziana\u201d illustra il processo di lavorazione del legname, che rappresenta una grande risorsa per questo territorio montano. Un\u2019altra risorsa importante \u00e8 stato il carbon fossile, che veniva estratto nelle miniere fino alla prima met\u00e0 del secolo scorso. L\u2019esperienza dei minatori si pu\u00f2 rivivere oggi nella Ex Miniera di Cludinico, grazie alle visite guidate prenotabili a&nbsp;<a target=\"_blank\" href=\"\/\/minieradicludinico.it\/\" rel=\"noreferrer noopener\">questo sito<\/a>. Infine, la vallata \u00e8 meta di splendide camminate a piedi e in bicicletta, tra cui si ricorda la massacrante salita al monte Zoncolan, una delle classiche tappe del Giro d\u2019Italia.<\/p>\n\n\n\n<h3 class=\"wp-block-heading\">Illegio<\/h3>\n\n\n\n<p>Illegio \u00e8 un piccolo borgo incastonato tra i monti della Carnia e non lontano dal capoluogo di Tolmezzo. Dal paese, un sentiero sale in mezz\u2019ora alla Pieve di San Floriano, scrigno di intatta bellezza medievale del IX secolo, che sorge a 750 m di quota, potendo cos\u00ec ammirare uno splendido panorama. Illegio, per\u00f2, ha conquistato una notoriet\u00e0 a livello nazionale e oltre, grazie alla grande mostra d\u2019arte che ogni anno da maggio ad ottobre, viene organizzata presso la Casa delle Esposizoni e che ospita opere inedite dei pi\u00f9 grandi e famosi artisti, tra cui Donatello, Canova, Rubens, Tiepolo, Delacroix, De Chirico e molti altri. Il tema di quest\u2019anno \u00e8 \u201cCarne: la materia dello spirito\u201d. Per prenotare o consultare gli orari di visita ti consigliamo&nbsp;<a target=\"_blank\" href=\"\/\/illegio.it\/archiviomostre\/carne-la-materia-dello-spirito\/\" rel=\"noreferrer noopener\">questo sito<\/a>.<\/p>\n\n\n\n<h3 class=\"wp-block-heading\">Arta terme<\/h3>\n\n\n\n<p>Nel corso dei secoli le propriet\u00e0 dell\u2019acqua termale ricca di zolfo, abbinate alla qualit\u00e0 dell\u2019aria dell\u2019ambiente montano di fondovalle, hanno contribuito alla notoriet\u00e0 del piccolo paese di Arta Terme. Tutte le cure termali che vengono effettuate alle Terme prevedono l\u2019utilizzo dell\u2019Acqua Pudia, un\u2019acqua minerale solfato- calcico-magnesiaca- sulfurea, che sgorga ad una temperatura di 9 gradi. Le terme rappresentano la meta perfetta per chi vuole godersi qualche ora di benessere e relax, grazie ai diversi servizi messi a disposizione: piscine e saune, area massaggi, centro estetico, area fitness, area riabilitazione e area ristoro. Per maggiori informazioni ti consigliamo di consultare&nbsp;<a target=\"_blank\" href=\"\/\/termediarta.it\/servizi\/\" rel=\"noreferrer noopener\">questo sito<\/a>.<\/p>\n\n\n\n<h2 class=\"wp-block-heading\">Un luogo unico per ricaricare le energie<\/h2>\n\n\n\n<p>Immergersi nella Natura e ascoltare i suoi suoni \u00e8 il modo migliore per rigenerare corpo e mente e vivere a pieno l\u2019esperienza alla base del progetto Friland.<\/p>\n\n\n\n<p>SOLO QUI POTRAI:<\/p>\n\n\n\n<ul class=\"wp-block-list\">\n<li>Ammirare un paesaggio unico sulle montagne circostanti.<\/li>\n\n\n\n<li>Dormire nel mezzo di una pista da sci.<\/li>\n\n\n\n<li>Passeggiare lungo i sentieri delle Alpi Carniche.<\/li>\n\n\n\n<li>Pedalare lungo le strade che ospitano una delle tappe pi\u00f9 dure del Giro d\u2019Italia.<\/li>\n\n\n\n<li>Osservare la volta celeste da un punto di vista privilegiato.<\/li>\n\n\n\n<li>Assaggiare le prelibatezze della cucina Carnica.<\/li>\n\n\n\n<li>Degustare ottimi formaggi di malga a km zero<\/li>\n\n\n\n<li>Goderti il tramonto dalla cima dello Zoncolan.<\/li>\n<\/ul>\n\n\n\n<figure class=\"wp-block-image size-full\"><img decoding=\"async\" width=\"1024\" height=\"666\" src=\"https:\/\/fri.land\/blog\/wp-content\/uploads\/2024\/09\/Zoncolan-interni.jpg\" alt=\"\" class=\"wp-image-142\" srcset=\"https:\/\/fri.land\/blog\/wp-content\/uploads\/2024\/09\/Zoncolan-interni.jpg 1024w, https:\/\/fri.land\/blog\/wp-content\/uploads\/2024\/09\/Zoncolan-interni-300x195.jpg 300w, https:\/\/fri.land\/blog\/wp-content\/uploads\/2024\/09\/Zoncolan-interni-768x500.jpg 768w\" sizes=\"(max-width: 1024px) 100vw, 1024px\" \/><\/figure>\n\n\n\n<h2 class=\"wp-block-heading\">I sapori del territorio<\/h2>\n\n\n\n<h3 class=\"wp-block-heading\">BAITA GOLES<\/h3>\n\n\n\n<p>Situata nel cuore del comprensorio sciistico dello Zoncolan, la baita offre in estate e in inverno deliziosi piatti della cucina tradizionale della Carnia, preparati con ingredienti locali e di alta qualit\u00e0. Ti consigliamo di assaggiare la degustazione di formaggi, prodotti nella vicina malga Pozzof. Per prenotare puoi mandare una mail a goleszoncolan@gmail.com oppure contattare la struttura a&nbsp;<a target=\"_blank\" href=\"\/\/www.baitagoles.it\/\" rel=\"noreferrer noopener\">questa pagina<\/a>.<\/p>\n\n\n\n<h3 class=\"wp-block-heading\">RIFUGIO TAMAI<\/h3>\n\n\n\n<p>Situato a 1594 m di altitudine, il rifugio \u00e8 aperto sia in estate sia in inverno e offre deliziosi piatti della cucina tradizionale carnica, verdure di stagione e una selezione di carni e formaggi locali, prestando attenzione alla qualit\u00e0 degli ingredienti e al rispetto dell\u2019ambiente. Ti consigliamo di prenotare a&nbsp;<a target=\"_blank\" href=\"\/\/rifugiotamai.it\/\" rel=\"noreferrer noopener\">questa pagina<\/a>.<\/p>\n\n\n\n<h3 class=\"wp-block-heading\">DA ALVISE<\/h3>\n\n\n\n<p>In un ambiente molto accogliente la cucina propone piatti tradizionali carnici come i cjarsons, ravioli ripeini di erbe, ed il frico di patate accompagnato dalla polenta. Le tagliatelle e i ravioli vengono fatti in casa con sughi e ripieni che variano in base alle stagioni, e non mancano i deliziosi dolci fatti in casa. Ti consigliamo di prenotare a&nbsp;<a target=\"_blank\" href=\"\/\/www.osteriadaalvise.it\/\" rel=\"noreferrer noopener\">questa pagina<\/a>.<\/p>\n\n\n\n<h3 class=\"wp-block-heading\">Pizzeria alla Fonte<\/h3>\n\n\n\n<p>Situata di fronte alle Terme di Arta, questa pizzeria sforna ottime pizze, leggere grazie alla lievitazione di 96 ore ma con ingredienti di prima qualit\u00e0 e che rispettano la stagionalit\u00e0. Inoltre, la cucina propone deliziose grigliate e altri piatti della cucina italiana. Ti consigliamo di prenotare a&nbsp;<a href=\"\/\/www.hotelallafonte.com\/it\/bar-ristorante\/\" target=\"_blank\" rel=\"noreferrer noopener\">questa pagina<\/a>.<a href=\"\/\/fri.land\/it\/giornale\"><\/a><\/p>\n\n\n\n<p><\/p>\n","protected":false},"excerpt":{"rendered":"<p>Ti trovi sul monte Zoncolan, a 1616 m slm e considerato una delle localit\u00e0 montane pi\u00f9 famose e rinomate della regione Friuli Venezia Giulia. L\u2019alloggio Friland \u00e8 situato nel verde prato che durante la stagione invernale ospita la famosa pista 1, pi\u00f9 precisamente l\u2019alloggio \u00e8 situato al di sotto del rifugio Laugiane. Da qui potrai [&hellip;]<\/p>\n","protected":false},"author":3,"featured_media":142,"comment_status":"closed","ping_status":"closed","sticky":false,"template":"","format":"standard","meta":{"powered_cache_disable_cache":false,"powered_cache_disable_lazyload":false,"powered_cache_disable_critical_css":false,"powered_cache_specific_critical_css":false,"powered_cache_disable_ucss":false,"powered_cache_specific_ucss":false,"powered_cache_disable_css_optimization":false,"powered_cache_disable_js_optimization":false,"powered_cache_disable_js_defer":false,"powered_cache_disable_js_delay":false,"footnotes":""},"categories":[8],"tags":[],"class_list":["post-141","post","type-post","status-publish","format-standard","has-post-thumbnail","hentry","category-territorio"],"_links":{"self":[{"href":"https:\/\/fri.land\/blog\/wp-json\/wp\/v2\/posts\/141","targetHints":{"allow":["GET"]}}],"collection":[{"href":"https:\/\/fri.land\/blog\/wp-json\/wp\/v2\/posts"}],"about":[{"href":"https:\/\/fri.land\/blog\/wp-json\/wp\/v2\/types\/post"}],"author":[{"embeddable":true,"href":"https:\/\/fri.land\/blog\/wp-json\/wp\/v2\/users\/3"}],"replies":[{"embeddable":true,"href":"https:\/\/fri.land\/blog\/wp-json\/wp\/v2\/comments?post=141"}],"version-history":[{"count":2,"href":"https:\/\/fri.land\/blog\/wp-json\/wp\/v2\/posts\/141\/revisions"}],"predecessor-version":[{"id":1540,"href":"https:\/\/fri.land\/blog\/wp-json\/wp\/v2\/posts\/141\/revisions\/1540"}],"wp:featuredmedia":[{"embeddable":true,"href":"https:\/\/fri.land\/blog\/wp-json\/wp\/v2\/media\/142"}],"wp:attachment":[{"href":"https:\/\/fri.land\/blog\/wp-json\/wp\/v2\/media?parent=141"}],"wp:term":[{"taxonomy":"category","embeddable":true,"href":"https:\/\/fri.land\/blog\/wp-json\/wp\/v2\/categories?post=141"},{"taxonomy":"post_tag","embeddable":true,"href":"https:\/\/fri.land\/blog\/wp-json\/wp\/v2\/tags?post=141"}],"curies":[{"name":"wp","href":"https:\/\/api.w.org\/{rel}","templated":true}]}}