{"id":1711,"date":"2025-07-07T17:18:15","date_gmt":"2025-07-07T15:18:15","guid":{"rendered":"https:\/\/fri.land\/blog\/?p=1711"},"modified":"2025-07-07T17:18:18","modified_gmt":"2025-07-07T15:18:18","slug":"mindful-walking","status":"publish","type":"post","link":"https:\/\/fri.land\/blog\/mindful-walking\/","title":{"rendered":"Mindful walking: camminare per ritrovare presenza e consapevolezza"},"content":{"rendered":"\n<p>Spesso basta poco per tornare a sentirsi presenti: il rumore dei passi su un sentiero, il ritmo del respiro che si fa regolare, lo sguardo che si posa sul mondo con maggiore attenzione.<\/p>\n\n\n\n<p>\u00c8 da questa semplicit\u00e0 che nasce la <strong>mindful walking<\/strong>, la pratica che trasforma il camminare in un\u2019esperienza di ascolto profondo. Rallentando, ogni passo diventa un modo per essere davvero dove si \u00e8.<\/p>\n\n\n\n<p>Non si tratta, dunque, di arrivare semplicemente da qualche parte, ma di esserci, totalmente.<\/p>\n\n\n\n<h2 class=\"wp-block-heading\">Cos\u2019\u00e8 la mindful walking<\/h2>\n\n\n\n<p>La mindful walking \u00e8 una forma di <strong>meditazione in movimento<\/strong>, nata dalla tradizione buddhista e resa accessibile in Occidente da maestri come <strong>Thich Nhat Hanh<\/strong>.&nbsp;<\/p>\n\n\n\n<p>\u00c8 una pratica che unisce cammino e consapevolezza, invitando chi la sperimenta a <strong>portare l\u2019attenzione al gesto del camminare<\/strong>, trasformandolo in un\u2019esperienza di presenza.<\/p>\n\n\n\n<p>Ogni passo diventa un atto meditativo, un\u2019occasione per riconnettersi con il corpo, con il respiro, con il momento.&nbsp;<\/p>\n\n\n\n<p>Diversa dal camminare come atto compiuto in maniera automatica, la <strong>walking meditation<\/strong> ci riporta al qui e ora, passo dopo passo.<\/p>\n\n\n\n<h2 class=\"wp-block-heading\">Benefici della camminata consapevole<\/h2>\n\n\n\n<p>Secondo <a href=\"https:\/\/www.sciencedirect.com\/science\/article\/abs\/pii\/S0965229918311671\" target=\"_blank\" rel=\"noopener\">alcuni studi<\/a>, la camminata consapevole aiuta a <strong>rallentare il ritmo mentale<\/strong>, ridurre lo stress e riconnettersi al corpo.<\/p>\n\n\n\n<p>Camminare con consapevolezza:<\/p>\n\n\n\n<ul class=\"wp-block-list\">\n<li>stimola un respiro pi\u00f9 naturale e profondo;<\/li>\n\n\n\n<li>allenta le tensioni muscolari;<\/li>\n\n\n\n<li>favorisce un pensiero pi\u00f9 chiaro.<\/li>\n<\/ul>\n\n\n\n<p>Nel tempo, questa pratica migliora la capacit\u00e0 di ascolto, l\u2019autoregolazione emotiva e la concentrazione.&nbsp;<\/p>\n\n\n\n<p>Soprattutto, <strong>offre uno spazio per sentirsi presenti e radicati<\/strong>, senza dover fare altro se non camminare.<\/p>\n\n\n\n<h2 class=\"wp-block-heading\">Come si fa la camminata consapevole?<\/h2>\n\n\n\n<figure class=\"wp-block-image size-large\"><img decoding=\"async\" width=\"1200\" height=\"800\" src=\"https:\/\/fri.land\/blog\/wp-content\/uploads\/2025\/06\/meditazione-camminata-mindfulness-1200x800.webp\" alt=\"meditazione camminata - mindfulness\" class=\"wp-image-1717\" srcset=\"https:\/\/fri.land\/blog\/wp-content\/uploads\/2025\/06\/meditazione-camminata-mindfulness-1200x800.webp 1200w, https:\/\/fri.land\/blog\/wp-content\/uploads\/2025\/06\/meditazione-camminata-mindfulness-300x200.webp 300w, https:\/\/fri.land\/blog\/wp-content\/uploads\/2025\/06\/meditazione-camminata-mindfulness-768x512.webp 768w, https:\/\/fri.land\/blog\/wp-content\/uploads\/2025\/06\/meditazione-camminata-mindfulness-1536x1024.webp 1536w, https:\/\/fri.land\/blog\/wp-content\/uploads\/2025\/06\/meditazione-camminata-mindfulness-2048x1366.webp 2048w\" sizes=\"(max-width: 1200px) 100vw, 1200px\" \/><\/figure>\n\n\n\n<p>Per iniziare non servono condizioni particolari, ma <strong>un\u2019intenzione e uno spazio tranquillo<\/strong>, meglio se all\u2019aperto.<\/p>\n\n\n\n<p>Cammina lentamente, in silenzio, con lo sguardo morbido.&nbsp;<\/p>\n\n\n\n<p>Porta l\u2019attenzione al <strong>contatto del piede con il terreno<\/strong>, al movimento delle gambe, alla postura. Segui il ritmo del respiro, sentilo fluire naturalmente.&nbsp;<\/p>\n\n\n\n<p>Se la mente si distrae, riportala gentilmente al corpo e ai passi.<\/p>\n\n\n\n<p>Anche pochi minuti al giorno possono fare la differenza. L\u2019ideale \u00e8 scegliere sentieri poco affollati, nei boschi o in mezzo alla natura, dove <strong>il paesaggio stesso diventa parte della meditazione<\/strong>.<\/p>\n\n\n\n<h2 class=\"wp-block-heading\">Mindful walking e meditazione<\/h2>\n\n\n\n<p>La <strong>meditazione camminata <\/strong>\u00e8 una delle forme pi\u00f9 accessibili di pratica meditativa. A differenza della meditazione seduta, che richiede immobilit\u00e0, qui il corpo si muove, ma <strong>la mente resta stabile<\/strong>.<\/p>\n\n\n\n<p>Ogni passo diventa una frase silenziosa: \u201csto camminando\u201d, \u201csto respirando\u201d, \u201csono qui\u201d. Il corpo si muove lentamente, la mente osserva, senza giudizio; in questo ritmo semplice, si apre uno spazio di calma.<\/p>\n\n\n\n<p>Camminare diventa allora <strong>un modo per meditare nel quotidiano<\/strong>, per portare consapevolezza anche nel gesto pi\u00f9 naturale e antico che conosciamo.<\/p>\n\n\n\n<h2 class=\"wp-block-heading\">Mindful walking nella natura: un\u2019esperienza trasformativa<\/h2>\n\n\n\n<p>Praticare la mindful walking nella natura pu\u00f2 intensificare la connessione con il presente. Camminare in un bosco (magari praticando <a href=\"https:\/\/fri.land\/blog\/barefoot-walking\/\"><strong>barefoot walking<\/strong><\/a>), su un sentiero tra gli alberi, accompagnati dal suono del vento e dai profumi del sottobosco, <strong>aiuta ad<\/strong> <strong>amplificare la percezione del momento<\/strong>.<\/p>\n\n\n\n<p>La natura non richiede nulla, ma restituisce molto. In questo contesto, ogni passo \u00e8 pi\u00f9 leggero, ogni respiro pi\u00f9 profondo.&nbsp;<\/p>\n\n\n\n<p>Nel verde, <strong>non ci sono distrazioni artificiali<\/strong>: ogni stimolo \u00e8 organico, lento, armonico. Il suono delle foglie, l\u2019odore del muschio, la luce che cambia tra i rami. Tutto invita a <strong>tornare al corpo e al momento presente<\/strong>.&nbsp;<\/p>\n\n\n\n<p>Camminare consapevolmente nella natura non \u00e8 solo un esercizio di attenzione, ma <strong>un atto di riconnessione profonda<\/strong>, un\u2019attivit\u00e0 di <a href=\"https:\/\/fri.land\/blog\/ecoterapia-i-benefici-del-contatto-con-la-natura-per-mente-e-corpo\/\"><strong>ecoterapia<\/strong><\/a>.<\/p>\n\n\n\n<h2 class=\"wp-block-heading\">Friland: uno spazio dove camminare nella tranquillit\u00e0<\/h2>\n\n\n\n<figure class=\"wp-block-image size-large\"><img decoding=\"async\" width=\"1200\" height=\"800\" src=\"https:\/\/fri.land\/blog\/wp-content\/uploads\/2025\/06\/camminata-consapevole-1200x800.webp\" alt=\"camminata consapevole\" class=\"wp-image-1720\" srcset=\"https:\/\/fri.land\/blog\/wp-content\/uploads\/2025\/06\/camminata-consapevole-1200x800.webp 1200w, https:\/\/fri.land\/blog\/wp-content\/uploads\/2025\/06\/camminata-consapevole-300x200.webp 300w, https:\/\/fri.land\/blog\/wp-content\/uploads\/2025\/06\/camminata-consapevole-768x512.webp 768w, https:\/\/fri.land\/blog\/wp-content\/uploads\/2025\/06\/camminata-consapevole-1536x1024.webp 1536w, https:\/\/fri.land\/blog\/wp-content\/uploads\/2025\/06\/camminata-consapevole-2048x1366.webp 2048w\" sizes=\"(max-width: 1200px) 100vw, 1200px\" \/><\/figure>\n\n\n\n<p>In un rifugio immerso nel verde, lontano dalle interferenze, <strong>il passo diventa in modo naturale pi\u00f9 lento e pi\u00f9 libero<\/strong>. Attorno ad ogni Casetta Friland trovi <strong>uno spazio essenziale<\/strong>, dove ogni camminata pu\u00f2 diventare una pratica di mindful walking, anche solo tra la <a href=\"https:\/\/fri.land\/blog\/tiny-house-tutto-quello-che-devi-sapere-sulle-mini-case\/\">tiny house<\/a> e un angolo di bosco.<\/p>\n\n\n\n<p>Qui non ci sono tracciati da seguire, ma <strong>spazi da esplorare con attenzione e leggerezza<\/strong>. La natura accompagna, ma non distrae.&nbsp;<\/p>\n\n\n\n<p>Per chi cerca una forma di turismo autentico e rigenerativo, <strong>la camminata consapevole pu\u00f2 diventare il modo pi\u00f9 semplice per ritrovare s\u00e9 stessi, un passo alla volta<\/strong>.<\/p>\n\n\n\n<p><\/p>\n","protected":false},"excerpt":{"rendered":"<p>Spesso basta poco per tornare a sentirsi presenti: il rumore dei passi su un sentiero, il ritmo del respiro che si fa regolare, lo sguardo che si posa sul mondo con maggiore attenzione. \u00c8 da questa semplicit\u00e0 che nasce la mindful walking, la pratica che trasforma il camminare in un\u2019esperienza di ascolto profondo. Rallentando, ogni [&hellip;]<\/p>\n","protected":false},"author":5,"featured_media":1714,"comment_status":"closed","ping_status":"closed","sticky":false,"template":"","format":"standard","meta":{"powered_cache_disable_cache":false,"powered_cache_disable_lazyload":false,"powered_cache_disable_critical_css":false,"powered_cache_specific_critical_css":false,"powered_cache_disable_ucss":false,"powered_cache_specific_ucss":false,"powered_cache_disable_css_optimization":false,"powered_cache_disable_js_optimization":false,"powered_cache_disable_js_defer":false,"powered_cache_disable_js_delay":false,"footnotes":""},"categories":[11],"tags":[],"class_list":["post-1711","post","type-post","status-publish","format-standard","has-post-thumbnail","hentry","category-esperienze-rilassanti"],"_links":{"self":[{"href":"https:\/\/fri.land\/blog\/wp-json\/wp\/v2\/posts\/1711","targetHints":{"allow":["GET"]}}],"collection":[{"href":"https:\/\/fri.land\/blog\/wp-json\/wp\/v2\/posts"}],"about":[{"href":"https:\/\/fri.land\/blog\/wp-json\/wp\/v2\/types\/post"}],"author":[{"embeddable":true,"href":"https:\/\/fri.land\/blog\/wp-json\/wp\/v2\/users\/5"}],"replies":[{"embeddable":true,"href":"https:\/\/fri.land\/blog\/wp-json\/wp\/v2\/comments?post=1711"}],"version-history":[{"count":3,"href":"https:\/\/fri.land\/blog\/wp-json\/wp\/v2\/posts\/1711\/revisions"}],"predecessor-version":[{"id":1724,"href":"https:\/\/fri.land\/blog\/wp-json\/wp\/v2\/posts\/1711\/revisions\/1724"}],"wp:featuredmedia":[{"embeddable":true,"href":"https:\/\/fri.land\/blog\/wp-json\/wp\/v2\/media\/1714"}],"wp:attachment":[{"href":"https:\/\/fri.land\/blog\/wp-json\/wp\/v2\/media?parent=1711"}],"wp:term":[{"taxonomy":"category","embeddable":true,"href":"https:\/\/fri.land\/blog\/wp-json\/wp\/v2\/categories?post=1711"},{"taxonomy":"post_tag","embeddable":true,"href":"https:\/\/fri.land\/blog\/wp-json\/wp\/v2\/tags?post=1711"}],"curies":[{"name":"wp","href":"https:\/\/api.w.org\/{rel}","templated":true}]}}