{"id":172,"date":"2023-05-02T11:03:24","date_gmt":"2023-05-02T09:03:24","guid":{"rendered":"\/\/fri.land\/blog\/?p=172"},"modified":"2025-05-15T17:13:45","modified_gmt":"2025-05-15T15:13:45","slug":"esplora-porzus-guida-completa-alle-attrazioni-storiche-e-naturali","status":"publish","type":"post","link":"https:\/\/fri.land\/blog\/esplora-porzus-guida-completa-alle-attrazioni-storiche-e-naturali\/","title":{"rendered":"Esplora Porz\u00fbs: guida completa alle attrazioni storiche e naturali"},"content":{"rendered":"\n<p>Ti trovi a Porzus, una piccola frazione del comune di Attimis situata a 700 mt sul livello del mare ed immersa in una cornice tra la montagna e la pianura friulana!<\/p>\n\n\n\n<p>Il suo territorio prevalentemente montuoso nel corso degli anni ha subito una progressiva metamorfosi legata all\u2019isolamento storico tipico dei territori montani della regione. Nel tempo per\u00f2 il territorio \u00e8 stato testimone di una lenta rinascita della piccola comunit\u00e0 riscoprendo la parte culturale e storica e le attivit\u00e0 legate alla tutela e alla salvaguardia del patrimonio naturalistico. Porzus \u00e8 anche conosciuto per la sua storia in particolare per il drammatico episodio dell\u2019Eccidio delle Malghe di Porzus che vide l\u2019uccisione di alcuni soldati della Brigata Osoppo stanziata proprio presso Porzus.<\/p>\n\n\n\n<figure class=\"wp-block-image size-full\"><img decoding=\"async\" width=\"1024\" height=\"685\" src=\"https:\/\/fri.land\/blog\/wp-content\/uploads\/2024\/09\/porzus-comune.jpg\" alt=\"\" class=\"wp-image-173\" srcset=\"https:\/\/fri.land\/blog\/wp-content\/uploads\/2024\/09\/porzus-comune.jpg 1024w, https:\/\/fri.land\/blog\/wp-content\/uploads\/2024\/09\/porzus-comune-300x201.jpg 300w, https:\/\/fri.land\/blog\/wp-content\/uploads\/2024\/09\/porzus-comune-768x514.jpg 768w\" sizes=\"(max-width: 1024px) 100vw, 1024px\" \/><\/figure>\n\n\n\n<h2 class=\"wp-block-heading\">Le Escursioni a Porzus<\/h2>\n\n\n\n<p>Porzus \u00e8 un luogo ideale per immergersi nella natura e godere della tranquillit\u00e0 e del panorama circostante con rilassanti passeggiate, ma \u00e8 anche un ottimo punto di partenza per trekking pi\u00f9 avventurosi alla scoperta di grotte e incantevoli luoghi incontaminati.<\/p>\n\n\n\n<h3 class=\"wp-block-heading\">Sentiero dei Castelli<\/h3>\n\n\n\n<p>Partendo dal parcheggio antistante la chiesa di Attimis ci si inerpica tra alberi e rocce per raggiungere dapprima il castello Inferiore e poi il castello Superiore di Attimis. Il sentiero prosegue alla volta del Castello di Partistagno caratterizzato da un imponente torrione. Da qui si prosegue lungo una strada di ciottoli verso i castelli di Cucagna e di Zucco situati nel comune di Faedis. Si tratta di un percorso di circa 10 km totali che ti riporter\u00e0 indietro nel tempo all\u2019epoca medievale. Per maggiori dettagli ti segnaliamo\u00a0<a href=\"https:\/\/tabaccomapp-community.it\/it\/percorso\/35669-attimis-sentiero-dei-castelli-sent-a4-e-anello-a5-a6-paluzan\" target=\"_blank\" data-type=\"link\" data-id=\"https:\/\/tabaccomapp-community.it\/it\/percorso\/35669-attimis-sentiero-dei-castelli-sent-a4-e-anello-a5-a6-paluzan\" rel=\"noreferrer noopener\">questo link<\/a>.<\/p>\n\n\n\n<h3 class=\"wp-block-heading\">Escursione alle Cascate Gemelle<\/h3>\n\n\n\n<p>Breve ma suggestiva passeggiata nel bosco che conduce ad una radura da cui si diramano numerose cascatelle. Si parte dalla strada che da Faedis conduce a Canebola con la possibilit\u00e0 di lasciare l\u2019auto in un comodo parcheggio nelle vicinanze.<\/p>\n\n\n\n<h3 class=\"wp-block-heading\">Sentiero delle streghe delle agane e dei folletti<\/h3>\n\n\n\n<p>Percorsi molto suggestivi e ben segnalati accomunati dallo stesso punto di partenza: il centro di Sub\u00eet di Attimis. Il sentiero dei Folletti \u00e8 dedicato alle erbe medicinali ed \u00e8 contraddistinto da segnavia di colore ROSSO. Lungo il percorso troverai alcune tabelle esplicative che narrano le propriet\u00e0 e i benefici delle erbe. Il sentiero delle Agane invece \u00e8 contraddistinto da segnavia di colore VERDE che spiegano la flora locale. Si raggiunge anche il punto pi\u00f9 elevato dell\u2019escursione da cui si ammira uno splendido paesaggio sulle montagne circostanti. Il sentiero delle streghe infine contraddistinto da segnavia di colore NERO \u00e8 dedicato alle erbe tossiche. Per maggiori dettagli ti segnaliamo\u00a0<a href=\"https:\/\/tabaccomapp-community.it\/it\/percorso\/35783-subit-anello-a11-sentiero-dei-folletti\" target=\"_blank\" data-type=\"link\" data-id=\"https:\/\/tabaccomapp-community.it\/it\/percorso\/35783-subit-anello-a11-sentiero-dei-folletti\" rel=\"noreferrer noopener\">questo link<\/a>.<\/p>\n\n\n\n<h3 class=\"wp-block-heading\">Escursione al monte Joanaz<\/h3>\n\n\n\n<p>Percorso di circa 87 km con partenza dalla Bocchetta di sant\u2019Antonio raggiungibile dopo aver superato l\u2019abitato di Canebola. Da qui ci si incammina lungo il sentiero CAI n. 765 che sale fino alla cima del monte Joanaz per un dislivello di 400m. Da qui la vista spazia dal monte Canin al monte Matajur includendo l\u2019area di Cividale e la laguna di Grado. Per maggiori dettagli visita\u00a0<a href=\"https:\/\/www.sentierinatura.it\/easyne2\/LYT.aspx?Code=sentierinatura&amp;IDLYT=1349&amp;ST=SQL&amp;SQL=ID_Documento=225\" target=\"_blank\" data-type=\"link\" data-id=\"https:\/\/www.sentierinatura.it\/easyne2\/LYT.aspx?Code=sentierinatura&amp;IDLYT=1349&amp;ST=SQL&amp;SQL=ID_Documento=225\" rel=\"noreferrer noopener\">questo link<\/a>.<\/p>\n\n\n\n<h3 class=\"wp-block-heading\">Grotta Furmia<\/h3>\n\n\n\n<p>Dalla localit\u00e0 di Borgo Cancellier si incontra la suggestiva grotta \u201cFurmia\u201d. Essa deve la sua origine al fenomeno del carsismo attraverso l\u2019azione dello scorrimento di un rio interno ancora attivo. All\u2019interno sulle pareti rocciose \u00e8 possibile ammirare concrezioni calcaree dovute allo stillicidio millenario dell\u2019acqua.<\/p>\n\n\n\n<h3 class=\"wp-block-heading\">Escursione al Ponte Romano<\/h3>\n\n\n\n<p>Questo luogo incantevole si raggiunge dal Borgo Stremiz lungo la strada che da Faedis conduce a Canebola. Attraversando boschi incontaminati in pochi minuti si raggiunge un torrente sul quale si affaccia questo antico ponte romano.<\/p>\n\n\n\n<p>Inoltre \u00e8 presente anche una piccola postazione per il volo con il parapendio. Si raggiunge dalla piazza del paese seguendo le indicazioni verso Pian del Cel\u00f2 attraverso una strada sterrata. Se sei un amante del parapendio ti consigliamo questa ottima postazione dove troverai le correnti favorevoli per un perfetto decollo.<\/p>\n\n\n\n<figure class=\"wp-block-image size-full\"><img decoding=\"async\" width=\"1024\" height=\"600\" src=\"https:\/\/fri.land\/blog\/wp-content\/uploads\/2024\/09\/porzus-esterno.jpg\" alt=\"\" class=\"wp-image-175\" srcset=\"https:\/\/fri.land\/blog\/wp-content\/uploads\/2024\/09\/porzus-esterno.jpg 1024w, https:\/\/fri.land\/blog\/wp-content\/uploads\/2024\/09\/porzus-esterno-300x176.jpg 300w, https:\/\/fri.land\/blog\/wp-content\/uploads\/2024\/09\/porzus-esterno-768x450.jpg 768w\" sizes=\"(max-width: 1024px) 100vw, 1024px\" \/><\/figure>\n\n\n\n<h2 class=\"wp-block-heading\">Luoghi panoramici a Porzus<\/h2>\n\n\n\n<h3 class=\"wp-block-heading\">Bocchetta Sant\u2019Antonio<\/h3>\n\n\n\n<p>Questo luogo panoramico \u00e8 raggiungibile sia in auto sia in bicicletta da Faedis e rappresenta un punto di partenza per numerosi sentieri. Oltre all\u2019aspetto paesaggistico va menzionato anche quello storico: sulla facciata della cappella infatti si trova una lapide commemorativa di un soldato che perse la vita durante la Grande Guerra.<\/p>\n\n\n\n<h3 class=\"wp-block-heading\">Madonnina del Monte Carnizza<\/h3>\n\n\n\n<p>Si tratta di un\u2019altra meta per gli appassionati delle due ruote. Ribattezzata anche come Cima Porzus dopo il passaggio del Giro d\u2019Italia del 2016 \u00e8 un luogo ideale per il relax e per l\u2019attivit\u00e0 all\u2019aria aperta con una vista spettacolare sulla pianura sottostante dal golfo di Trieste fino alla punta dell\u2019Istria dalle vette del Piancavallo a quelle delle Prealpi e Alpi Giulie. \u00c8 accessibile sia dalla strada che parte da Attimis e procede verso Porzus sia da Faedis passando per Canebola e la sopra citata Bocchetta di Sant\u2019Antonio. Per maggiori dettagli ti segnaliamo\u00a0<a href=\"https:\/\/tabaccomapp-community.it\/it\/percorso\/37859-ciclismo-anello-panoramico\" target=\"_blank\" data-type=\"link\" data-id=\"https:\/\/tabaccomapp-community.it\/it\/percorso\/37859-ciclismo-anello-panoramico\" rel=\"noreferrer noopener\">questo link<\/a>.<\/p>\n\n\n\n<p>Oltre ai nostri consigli ti consigliamo di dare un\u2019occhiata a&nbsp;<a href=\"https:\/\/visitattimis.it\/\" target=\"_blank\" data-type=\"link\" data-id=\"https:\/\/visitattimis.it\/\" rel=\"noreferrer noopener\">visitattimis.it<\/a>&nbsp;dove potrai scoprire ulteriori destinazioni per le passeggiate a piedi e in bicicletta. Inoltre troverai innumerevoli eventi, manifestazioni e la possibilit\u00e0 di prenotare viste guidate alla scoperta dei castelli medievali della zona.<\/p>\n\n\n\n<figure class=\"wp-block-image size-full\"><img decoding=\"async\" width=\"1024\" height=\"769\" src=\"https:\/\/fri.land\/blog\/wp-content\/uploads\/2024\/09\/porzus-vista-aerea.jpg\" alt=\"\" class=\"wp-image-174\" srcset=\"https:\/\/fri.land\/blog\/wp-content\/uploads\/2024\/09\/porzus-vista-aerea.jpg 1024w, https:\/\/fri.land\/blog\/wp-content\/uploads\/2024\/09\/porzus-vista-aerea-300x225.jpg 300w, https:\/\/fri.land\/blog\/wp-content\/uploads\/2024\/09\/porzus-vista-aerea-768x577.jpg 768w\" sizes=\"(max-width: 1024px) 100vw, 1024px\" \/><\/figure>\n\n\n\n<h2 class=\"wp-block-heading\">La storia e le tradizioni<\/h2>\n\n\n\n<p>Porzus \u00e8 drammaticamente nota per l\u2019Eccidio delle Malghe di Porzus. Qui infatti furono brutalmente uccisi 17 componenti della Brigata Osoppo da parte di alcuni partigiani appartenenti al Partito Comunista Italiano.<\/p>\n\n\n\n<p>Il 7 febbraio 1945 un gruppo di partigiani comunisti appartenenti ai GAP capeggiati da Mario Toffanin (Giacca) raggiunse il comando della Gruppo delle Brigate Est della Divisione partigiana Osoppo situato presso le malghe di Porz\u00fbs con l\u2019obiettivo di arrestare e fucilare i membri.<\/p>\n\n\n\n<p>Nel 1954 durante il Processo di Lucca venne emessa la sentenza che condannava i 36 responsabili dell\u2019eccidio a 777 anni complessivi di carcere. I condannati vennero poi liberati in seguito a varie amnistie l\u2019ultima delle quali avvenuta il 15 maggio 1973.<\/p>\n\n\n\n<p>L\u2019episodio di Porzus fu uno dei pi\u00f9 controversi e tragici della Resistenza Italiana tanto da essere ancora argomento di discussione storiografica, giornalistica e politica sulla natura e gli obiettivi immediati e prospettici del PCI in quegli anni.<\/p>\n\n\n\n<p>Se anche tu sei un appassionato di storia ti consigliamo di visitare i seguenti luoghi:<\/p>\n\n\n\n<h3 class=\"wp-block-heading\">Museo Archeologico Medievale di Attimis<\/h3>\n\n\n\n<p>Primo museo regionale dedicato alla vita quotidiana dei castelli di epoca feudale (X-XV sec.) della zona pedemontana orientale del Friuli documenta il periodo tra la fine dell\u2019alto medioevo e l\u2019occupazione veneta attraverso reperti archeologici, modelli e ricostruzioni di ambienti.<\/p>\n\n\n\n<h3 class=\"wp-block-heading\">Santuario Mariano di Porzus<\/h3>\n\n\n\n<p>Porz\u00fbs \u00e8 inoltre ricordato come luogo di culto alla Madonna de Sesule (Falcetto) per tre apparizioni della Vergine Santissima avvenute nel 1855 ad una bambina del luogo di nome Teresa Dush. E\u2019 quindi luogo e meta di pellegrinaggi Mariani in un contesto naturalistico di rara bellezza offrendo cos\u00ec ai visitatori un&#8217;oasi di pace sia alla mente che allo spirito.<\/p>\n\n\n\n<h3 class=\"wp-block-heading\">Chiesetta di Madonna di Zucco<\/h3>\n\n\n\n<p>Edificata nel tardo Cinquecento, la chiesetta annessa al Castello conserva al suo interno la bella Madonna del latte tra i Santi Giovanni Battista e Giacomo risalente al XIV secolo. La chiesa acquisisce ancora pi\u00f9 fascino per la posizione in cui si trova e da cui si ammira un panorama a 180 gradi.<\/p>\n\n\n\n<h3 class=\"wp-block-heading\">Sclesis.com<\/h3>\n\n\n\n<p>E\u2019 un progetto nato nel 2015 dalla passione per la lavorazione del legno del titolare il quale fabbrica penne e matite interamente in legno e fatte a mano. Grazie alle caratteristiche uniche di ciascun tipo di albero ogni prodotto assume delle sfumature diverse a seconda delle qualit\u00e0 del legno usato e delle tecniche adoperate. Per maggiori dettagli visita&nbsp;<a target=\"_blank\" href=\"\/\/www.sclesis.com\/\" rel=\"noreferrer noopener\">qui<\/a>.<\/p>\n\n\n\n<h3 class=\"wp-block-heading\">Agriturismo Zaro<\/h3>\n\n\n\n<p>Questo \u00e8 il luogo ideale per chi vuole rigenerarsi stando a contatto con la natura. E\u2019 una delle poche realt\u00e0 vegetariane che offre la possibilit\u00e0 di svolgere svariate attivit\u00e0 e laboratori anche per i pi\u00f9 piccoli oltre che la vendita e degustazione di prodotti km zero. Per maggiori dettagli visita&nbsp;<a target=\"_blank\" href=\"\/\/agriturismozaro.it\/\" rel=\"noreferrer noopener\">il loro sito<\/a>.<\/p>\n\n\n\n<figure class=\"wp-block-image size-full\"><img decoding=\"async\" width=\"1024\" height=\"736\" src=\"https:\/\/fri.land\/blog\/wp-content\/uploads\/2024\/09\/porzus-chiesetta.jpg\" alt=\"\" class=\"wp-image-176\" srcset=\"https:\/\/fri.land\/blog\/wp-content\/uploads\/2024\/09\/porzus-chiesetta.jpg 1024w, https:\/\/fri.land\/blog\/wp-content\/uploads\/2024\/09\/porzus-chiesetta-300x216.jpg 300w, https:\/\/fri.land\/blog\/wp-content\/uploads\/2024\/09\/porzus-chiesetta-768x552.jpg 768w\" sizes=\"(max-width: 1024px) 100vw, 1024px\" \/><\/figure>\n\n\n\n<h2 class=\"wp-block-heading\">Apprezza i sapori del territorio<\/h2>\n\n\n\n<h3 class=\"wp-block-heading\">Agriturismo Petrigh<\/h3>\n\n\n\n<p>Locale tipico che offre i piatti della tradizione culinaria friulana in un ambiente particolarmente familiare. Risultano molto apprezzati anche i numerosi vini locali.<\/p>\n\n\n\n<h3 class=\"wp-block-heading\">Ristorante Prosciutteria Martinuzzi<\/h3>\n\n\n\n<p>Situata in un tranquillo borgo tra le colline di Racchiuso la cucina propone piatti stagionali per privilegiare l\u2019ottima qualit\u00e0 delle materie prime. Il men\u00f9 \u00e8 molto ampio e spazia dalla tradizione alla creativit\u00e0 dello chef ponendo sempre il Prosciutto di San Daniele a protagonista assoluto della tavola.&nbsp;<a target=\"_blank\" href=\"http:\/\/www.prosciutteriamartinuzzi.it\/\" rel=\"noreferrer noopener\">www.prosciutteriamartinuzzi.it<\/a><\/p>\n\n\n\n<h3 class=\"wp-block-heading\">Ristorante ai Nove Castelli<\/h3>\n\n\n\n<p>In un ambiente elegante e tranquillo la cucina offre ai suoi ospiti la possibilit\u00e0 di gustare le pietanze della tradizione come la pasta tirata a mano, dolci e pane casalinghi e una fornita lista dei vini tra cui si ricorda il celebre Refosco.&nbsp;<a target=\"_blank\" href=\"\/\/www.novecastelli.it\/\" rel=\"noreferrer noopener\">\/www.novecastelli.it<\/a><\/p>\n\n\n\n<h3 class=\"wp-block-heading\">Osteria Pan e Vin<\/h3>\n\n\n\n<p>Ottima cucina tradizionale friulana in cui il frico \u00e8 assoluto protagonista. La ciliegina sulla torta? L\u2019ampia terrazza da cui si gode di un panorama mozzafiato.<\/p>\n\n\n\n<h3 class=\"wp-block-heading\">Le Riclusane<\/h3>\n\n\n\n<p>Degustazione e vendita di vini DOC IGT e di vari tipi di miele di produzione propria.<\/p>\n\n\n\n<h3 class=\"wp-block-heading\">Giavitto Vini<\/h3>\n\n\n\n<p>Storica cantina immersa nella natura e a contatto con il bosco e le rocce che produce ottimi vini tra cui il Friulano, Sauvignon, Merlot, Cabernet e Refosco dal Peduncolo.&nbsp;<a target=\"_blank\" href=\"\/\/www.giavittovini.it\/\" rel=\"noreferrer noopener\">www.giavittovini.it<\/a><\/p>\n\n\n\n<h3 class=\"wp-block-heading\">Tenuta Valdomini<\/h3>\n\n\n\n<p>La cantina situata nei pressi del castello millenario di Partistagno produce vini deliziosi tra cui Chardonnay, Sauvignon, Picolit, Cabernet, Merlot e Schioppettino. La tenuta ha un\u2019estensione di 50 ettari di cui 8 sono coltivati a vigneto.&nbsp;<a target=\"_blank\" href=\"http:\/\/www.valdomini.com\/it\/\" rel=\"noreferrer noopener\">www.valdomini.com<\/a><\/p>\n\n\n\n<h2 class=\"wp-block-heading\">Un luogo unico per ricaricare le energie<\/h2>\n\n\n\n<p>Immergersi nella Natura e ascoltare i suoi suoni \u00e8 il modo migliore per rigenerare corpo e mente e vivere a pieno l\u2019esperienza alla base del progetto Friland.<\/p>\n\n\n\n<p>Solo qui a Porzus potrai:<\/p>\n\n\n\n<ul class=\"wp-block-list\">\n<li>Percorrere magici sentieri alla scoperta di antiche tradizioni<\/li>\n\n\n\n<li>Riscoprire il mondo medievale al Museo di Attimis<\/li>\n\n\n\n<li>Visitare uno dei siti storici pi\u00f9 importanti e testimoni della Resistenza Italiana: le Malghe di Porzus<\/li>\n\n\n\n<li>Pedalare tra i boschi selvaggi della zona e raggiungere perfino una delle Tappe del Giro d\u2019Italia<\/li>\n\n\n\n<li>Degustare ottimi piatti della tradizione culinaria friulana<\/li>\n\n\n\n<li>Immortalare incantevoli cascate, boschi e torrenti<\/li>\n\n\n\n<li>Lanciarti con il parapendio da una piccola altura<\/li>\n<\/ul>\n","protected":false},"excerpt":{"rendered":"<p>Ti trovi a Porzus, una piccola frazione del comune di Attimis situata a 700 mt sul livello del mare ed immersa in una cornice tra la montagna e la pianura friulana! Il suo territorio prevalentemente montuoso nel corso degli anni ha subito una progressiva metamorfosi legata all\u2019isolamento storico tipico dei territori montani della regione. Nel [&hellip;]<\/p>\n","protected":false},"author":3,"featured_media":177,"comment_status":"open","ping_status":"closed","sticky":false,"template":"","format":"standard","meta":{"powered_cache_disable_cache":false,"powered_cache_disable_lazyload":false,"powered_cache_disable_critical_css":false,"powered_cache_specific_critical_css":false,"powered_cache_disable_ucss":false,"powered_cache_specific_ucss":false,"powered_cache_disable_css_optimization":false,"powered_cache_disable_js_optimization":false,"powered_cache_disable_js_defer":false,"powered_cache_disable_js_delay":false,"footnotes":""},"categories":[8],"tags":[],"class_list":["post-172","post","type-post","status-publish","format-standard","has-post-thumbnail","hentry","category-territorio"],"_links":{"self":[{"href":"https:\/\/fri.land\/blog\/wp-json\/wp\/v2\/posts\/172","targetHints":{"allow":["GET"]}}],"collection":[{"href":"https:\/\/fri.land\/blog\/wp-json\/wp\/v2\/posts"}],"about":[{"href":"https:\/\/fri.land\/blog\/wp-json\/wp\/v2\/types\/post"}],"author":[{"embeddable":true,"href":"https:\/\/fri.land\/blog\/wp-json\/wp\/v2\/users\/3"}],"replies":[{"embeddable":true,"href":"https:\/\/fri.land\/blog\/wp-json\/wp\/v2\/comments?post=172"}],"version-history":[{"count":3,"href":"https:\/\/fri.land\/blog\/wp-json\/wp\/v2\/posts\/172\/revisions"}],"predecessor-version":[{"id":1561,"href":"https:\/\/fri.land\/blog\/wp-json\/wp\/v2\/posts\/172\/revisions\/1561"}],"wp:featuredmedia":[{"embeddable":true,"href":"https:\/\/fri.land\/blog\/wp-json\/wp\/v2\/media\/177"}],"wp:attachment":[{"href":"https:\/\/fri.land\/blog\/wp-json\/wp\/v2\/media?parent=172"}],"wp:term":[{"taxonomy":"category","embeddable":true,"href":"https:\/\/fri.land\/blog\/wp-json\/wp\/v2\/categories?post=172"},{"taxonomy":"post_tag","embeddable":true,"href":"https:\/\/fri.land\/blog\/wp-json\/wp\/v2\/tags?post=172"}],"curies":[{"name":"wp","href":"https:\/\/api.w.org\/{rel}","templated":true}]}}