{"id":206,"date":"2023-07-11T16:01:11","date_gmt":"2023-07-11T14:01:11","guid":{"rendered":"\/\/fri.land\/blog\/?p=206"},"modified":"2025-05-15T17:15:13","modified_gmt":"2025-05-15T15:15:13","slug":"barcis-e-le-dolomiti-friulane-scopri-il-territorio-e-le-escursioni","status":"publish","type":"post","link":"https:\/\/fri.land\/blog\/barcis-e-le-dolomiti-friulane-scopri-il-territorio-e-le-escursioni\/","title":{"rendered":"Barcis e le Dolomiti Friulane: scopri il territorio e le escursioni"},"content":{"rendered":"\n<h1 class=\"wp-block-heading\">Barcis e le Dolomiti Friulane: scopri il territorio e le escursioni<\/h1>\n\n\n\n<p>Ti trovi a Barcis, un piccolo paesino montano situato a 409 m slm nel cuore delle Dolomiti Friulane in provincia di Pordenone! Barcis si affaccia sull\u2019omonimo lago che con le sue acque smeraldine le restituisce una luce e un\u2019atmosfera tutte particolari richiamando ogni anno migliaia di turisti. Il lago, comunemente chiamato \u201clago di Barcis\u201d, \u00e8 in realt\u00e0 intitolato a Napoleone Aprilis, presidente del Consorzio di Bonifica Cellina-Meduna all\u2019epoca della realizzazione dell\u2019invaso. Situato nel cuore della Valcellina, il suo territorio si inserisce nella Riserva Naturale Forra del Cellina caratterizzata dal suo imponente canyon le cui ripide rocce si tuffano vertiginosamente nelle purissime acque del torrente.<\/p>\n\n\n\n<p>Siamo ospiti dell\u2019agriturismo Pian dei Tass, una piccola azienda agricola immersa nella natura che basa il suo modus operandi sul metodo biologico e certificato da ICEA. Punto forte dei prodotti coltivati in agriturismo sono le mele e patate di montagna insieme a molti altri prodotti interamente biologici che sono acquistabili direttamente in agriturismo. Oltre a questi prodotti, puoi trovare anche succo di mela, confetture, prodotti sott\u2019olio e tanto altro ancora. Presso l\u2019agriturismo troverai un delizioso ristorante aperto da Pasqua a inizio novembre che propone piatti della tradizione culinaria friulana preparati rigorosamente con ingredienti a km zero. Puoi contattare i gestori dell\u2019agriturismo al seguente recapito telefonico 0427 76282 oppure puoi dare un\u2019occhiata alla loro pagina Facebook.<\/p>\n\n\n\n<h2 class=\"wp-block-heading\">Le escursioni a Barcis<\/h2>\n\n\n\n<p>Barcis \u00e8 conosciuta per il suo splendido lago color smeraldo, meta di sportivi e non solo. \u00c8 infatti possibile praticare molte attivit\u00e0 tra cui la motonautica, ma anche semplicemente passeggiare lungo i sentieri panoramici.<\/p>\n\n\n\n<p>Grazie alla nostra partnership con Komoot (sito che permette di pianificare le escursioni nella natura) abbiamo creato delle raccolte delle nostre escursioni preferite da fare a piedi oppure in bici.<\/p>\n\n\n\n<p>In queste raccolte potrai trovare informazioni su lunghezza, tempo di percorrenza, dislivello, traccia gpx, tipo di terreno, livello di difficolt\u00e0 e highlights (luoghi pi\u00f9 amati dalla community di Komoot).<\/p>\n\n\n\n<p><a target=\"_blank\" href=\"\/\/www.komoot.com\/it-it\/collection\/2067184\/-friland-barcis-alla-scoperta-dei-sentieri-della-val-pentina\" rel=\"noreferrer noopener\">\ud83d\udeb6\u2192 Raccolta escursioni<\/a><\/p>\n\n\n\n<p><a target=\"_blank\" href=\"\/\/www.komoot.com\/it-it\/collection\/2078944\/-friland-barcis-alla-scoperta-della-val-cellina-in-bicicletta\" rel=\"noreferrer noopener\">\ud83d\udeb2 \u2192 Raccolta tour in bicicletta<\/a><\/p>\n\n\n\n<p>Oltre ai consigli di Komoot, ti suggeriamo anche questi percorsi:<\/p>\n\n\n\n<h3 class=\"wp-block-heading\">Sentiero del Dint<\/h3>\n\n\n\n<p>Dal centro visite della riserva naturale Forra del Cellina situato a Barcis in localit\u00e0 ponte Antoi, si risale per un tratto la strada che costeggia il lago fino ad imboccare il sentiero CAI 997 che si inerpica in uno splendido bosco di faggio. Si sale fino a raggiungere lo Skywalk del Dint, una passerella metallica affacciata nel vuoto da cui si gode di un panorama mozzafiato.<\/p>\n\n\n\n<h3 class=\"wp-block-heading\">Passeggiata nella foresta del Prescudin<\/h3>\n\n\n\n<p>Questa foresta incantata, riconosciuta come Area wilderness protetta Alto Prescudin, \u00e8 raggiungibile solo a piedi attraverso un percorso adatto a tutti. L\u2019inizio del percorso \u00e8 in localit\u00e0 Arcola, dove, lasciata l\u2019auto sulla sinistra, si imbocca una stradina che conduce per circa 4 km attraversando un affascinante bosco di faggi a Villa Emma o Palazzo Prescudin fiancheggiando l\u2019omonimo torrente.<\/p>\n\n\n\n<h3 class=\"wp-block-heading\">Casera Montelonga<\/h3>\n\n\n\n<p>Punto di partenza \u00e8 la frazione di Portuz situata sopra la diga del lago. Da qui il sentiero CAI 970 sale attraversando boschi di faggi e in 2.5 km conduce a Casera La Pala (1196 m). Da qui si pu\u00f2 ammirare uno splendido paesaggio sulle 5 cime del Monte Cavallo. Proseguendo sul sentiero che prima sale ancora e poi piega a destra addentrandosi nel Bosco Montelonga, si raggiunge Casera Montelonga (1327 m) situata al centro di una radura da cui la vista spazia sulle montagne circostanti.<\/p>\n\n\n\n<h3 class=\"wp-block-heading\">Anello dei monti Cross e Lupo<\/h3>\n\n\n\n<p>Dalla localit\u00e0 Predaia, lasciata la strada, ci si immette su un sentiero CAI dismesso che sale discretamente con vista sul lago fino a raggiungere un tratto di cresta molto panoramico che conduce fino alla cima del monte Lupo (1053 m). Da qui inizia un tratto di discesa che conduce a forcella Vallata, dove si svolta sul sentiero CAI 974A che sale ai ruderi di San Daniele e alla vetta del monte Cross. La discesa avviene lungo lo stesso sentiero fino alla forcella Vallata e poi lungo una mulattiera che conduce nuovamente al punto di partenza.<\/p>\n\n\n\n<h3 class=\"wp-block-heading\">Casera Bitter da Pian dei Tass<\/h3>\n\n\n\n<p>Appena dietro l\u2019agriturismo, prendere il sentiero CAI 978 che sale con pendenza continua risalendo i pendii erbosi fino a raggiungere un crinale da cui si pu\u00f2 godere di un\u2019ottima vista sul lago di Barcis e sul Monte Raut. Dopo aver superato un breve tratto un po\u2019 esposto, il sentiero continua attraversando un bosco fino a raggiungere una radura in cui \u00e8 situata la casera Bitter. Il tempo di percorrenza \u00e8 di circa 1.5 \/ 2 ore a seconda del livello di allenamento per un dislivello di 600 m.<\/p>\n\n\n\n<h3 class=\"wp-block-heading\">Vecchia strada della Valcellina<\/h3>\n\n\n\n<p>Percorso ricco di fascino che attraversa la Riserva Naturale Forra del Cellina. Questo tratto di strada un tempo era l\u2019unico collegamento della valle con la pianura; oggi \u00e8 meta di molti visitatori curiosi di osservare le acque cristalline e i profondi canyon scavati nelle rocce. Il punto di partenza si trova a Barcis in localit\u00e0 Ponte Antoi e la strada si snoda per circa 2 km. La vecchia strada risulta chiusa nel periodo invernale, ma a partire dalla primavera \u00e8 attesa la riapertura per tutta la stagione successiva.<\/p>\n\n\n\n<h2 class=\"wp-block-heading\">Escursioni in bicicletta \ud83d\udeb2<\/h2>\n\n\n\n<h3 class=\"wp-block-heading\">Giro panoramico del lago<\/h3>\n\n\n\n<p>Partendo dal ponte Antoi, si attraversa il paese di Barcis lungo la pista ciclabile fino a raggiungere uno stretto ponte al termine del centro abitato. Da qui si attraversa il lago raggiungendo la sponda opposta e costeggiando il lago lungo una strada poco trafficata che conduce nuovamente al punto di partenza. Il percorso si snoda per circa 7 km ed \u00e8 particolarmente adatto ai bambini.<\/p>\n\n\n\n<h3 class=\"wp-block-heading\">Da Barcis a Piancavallo<\/h3>\n\n\n\n<p>Raggiunto l\u2019abitato di Barcis e dopo aver lasciato l\u2019auto in localit\u00e0 Ponte Antoi, si imbocca la strada che costeggia il lago fino a raggiungere il bivio da cui si imbocca la strada asfaltata che porta a Piancavallo. Pedalando su questa strada avrai la possibilit\u00e0 di ammirare degli splendidi paesaggi sulle montagne circostanti e sul gruppo del Monte Cavallo.<\/p>\n\n\n\n<h3 class=\"wp-block-heading\">Malga Valli e Caolana<\/h3>\n\n\n\n<p>Dalla strada che da Barcis conduce a Piancavallo, si prende sulla sinistra una strada sterrata seguendo le indicazioni per Malga Valli che durante la stagione estiva offre il servizio di ristorazione. Raggiunta la malga, si prosegue in direzione Malga Caolana attraversando un suggestivo bosco di faggi. Il ritorno avviene sempre lungo la stessa strada.<\/p>\n\n\n\n<h2 class=\"wp-block-heading\">Sport acquatici<\/h2>\n\n\n\n<p>Il lago di Barcis, oltre ad essere un paradiso per gli amanti delle escursioni, \u00e8 un paradiso anche per gli appassionati di sport acquatici. Qui potrai prendere lezioni di vela, surf, noleggiare kayak e canoe e prenotare tour guidati del lago alla scoperta del mondo acquatico.<\/p>\n\n\n\n<p>Un appuntamento particolarmente rilevante \u00e8 il Campionato Internazionale di Motonautica che si svolge a inizio giugno e che attrae da anni numerosi appassionati e turisti.<\/p>\n\n\n\n<p>Per prenotare i tour guidati del lago o per il noleggio di kayak, surf e canoe potrai rivolgerti al team di H2O ai seguenti recapiti: cell. 370 3215292, Email: teamh2olibertas@gmail.com.<\/p>\n\n\n\n<p>In alternativa, potrai rivolgerti anche al team i 2 Remi ai seguenti recapiti: Tel. 338 5775120, Email: marcotormen@hotmail.it.<\/p>\n\n\n\n<h2 class=\"wp-block-heading\">In cerca di adrenalina? Prova il ponte tibetano \ud83c\udf09<\/h2>\n\n\n\n<p>55 metri sospesi su uno dei canyon pi\u00f9 scenografici d\u2019Italia: il ponte tibetano sul Cellina offre un\u2019esperienza unica e una vista sorprendente sulla forra e sulle acque smeraldine del torrente. Il ponte si raggiunge da Barcis in localit\u00e0 ponte Antoi percorrendo un tratto della vecchia strada sul torrente Cellina.<\/p>\n\n\n\n<h2 class=\"wp-block-heading\">Cosa visitare nei dintorni?<\/h2>\n\n\n\n<h3 class=\"wp-block-heading\">Maniago<\/h3>\n\n\n\n<p>Museo dell\u2019Arte Fabbrile e delle Coltellerie di Maniago: ospitato in una ex fabbrica di coltelli, il museo documenta la lavorazione dell\u2019acciaio negli opifici della zona e la sua evoluzione tecnologica. \u00c8 suddiviso in 3 sezioni che permettono di scoprire i momenti pi\u00f9 significativi della storia dell\u2019arte fabbrile: formazione del battiferro, formazione della bottega artigiana all\u2019interno delle abitazioni, insediamento delle prime officine agli inizi del Novecento. La produzione di coltelli di Maniago \u00e8 un\u2019antica attivit\u00e0 artigianale di grande maestria riconosciuta in tutto il mondo, tant\u2019\u00e8 che ha raggiunto persino Hollywood: infatti, le spade di Indiana Jones, Braveheart e Robin Hood sono state forgiate proprio qui. Ti consigliamo di prenotare una visita guidata a questo link.<\/p>\n\n\n\n<h3 class=\"wp-block-heading\">Lis Aganis Ecomuseo<\/h3>\n\n\n\n<p>Lis Aganis sono figure femminili mitiche che abitano attorno ai corsi d\u2019acqua e che hanno sempre mantenuto un rapporto ambiguo con gli esseri umani. L\u2019ecomuseo racconta questo mito della tradizione orale pordenonese e delle valli della Pedemontana. Le cellule ecomuseali sono luoghi in cui ognuno pu\u00f2 vivere esperienze ed emozioni, partecipare a laboratori, acquisire conoscenze e saperi, sentirsi protagonisti del territorio per conservare e mantenere vivo il patrimonio della Comunit\u00e0 locale.<\/p>\n\n\n\n<h3 class=\"wp-block-heading\">La diga del Vajont<\/h3>\n\n\n\n<p>La diga sorge nel territorio di Erto-Casso ed \u00e8 tragicamente nota per il disastro che la notte del 9 ottobre 1963 port\u00f2 via la vita di 1910 persone e distrusse il paese di Longarone. Ad oggi questa drammatica catastrofe rimane ancora una delle pi\u00f9 cupe pagine della storia italiana a lungo accantonata dall\u2019opinione pubblica. \u00c8 possibile visitare la diga e vedere da vicino la frana.<\/p>\n\n\n\n<h3 class=\"wp-block-heading\">Claut<\/h3>\n\n\n\n<p>Museo Casa Clautana descrive ai visitatori la vita di un tempo delle donne di Claut e della Valcellina. Il museo illustra le attivit\u00e0 in cui erano occupate le donne tra cui i lavori di casa, dei campi, della stalla e in cammino \u201cfora pal mont\u201d = in giro per il mondo come venditrice ambulante di utensili di legno.<\/p>\n\n\n\n<h3 class=\"wp-block-heading\">Parco Naturale Dolomiti Friulane e Parco Faunistico Pianpinedo a Cimolais<\/h3>\n\n\n\n<p>Ospita numerose specie di animali selvatici delle Dolomiti friulane come cervi, stambecchi, camosci e caprioli. Qui potrai fare splendide passeggiate circondato da una natura incontaminata e ammirare da vicino svariate specie vegetali e animali.<\/p>\n\n\n\n<h2 class=\"wp-block-heading\">Apprezzare i sapori del territorio<\/h2>\n\n\n\n<h3 class=\"wp-block-heading\">Agriturismo Pian dei Tass<\/h3>\n\n\n\n<p>La cucina propone piatti preparati con ingredienti a km zero e prodotti dalla stessa azienda agricola con metodi biologici. Tra i piatti forti spiccano gli gnocchi fatti in casa e accompagnati da rag\u00f9 di selvaggina, cervo in salm\u00ec, goulasch e frico, salumi e prodotti caseari e dulcis in fundo ottimi dolci fatti in casa e il tradizionale \u201cpetut\u201d, dolce simile alla pinza. L\u2019Agriturismo Pian dei Tass \u00e8 aperto da Pasqua a inizio novembre.<\/p>\n\n\n\n<h3 class=\"wp-block-heading\">Osteria Ponte Antoi<\/h3>\n\n\n\n<p>Osteria con cucina tipica friulana affacciata sul lago propone numerosi piatti tipici della zona preparati con ingredienti di qualit\u00e0. Nella stagione estiva il locale dispone anche di alcuni tavoli all\u2019esterno con vista lago.<\/p>\n\n\n\n<h3 class=\"wp-block-heading\">Rifugio Vallata<\/h3>\n\n\n\n<p>Raggiungibile in pochi minuti dall\u2019abitato di Barcis, il rifugio \u00e8 immerso nella quiete del bosco e propone piatti tradizionali raffinati arricchiti a seconda della stagione dei segreti e delle virt\u00f9 delle piante e dei frutti del bosco. Tra i piatti spiccano gnocchi e pasta fatti in casa, la Petucia storica (carne di pecora macinata aromatizzata con semi di finocchio selvatico ed affumicata) e tante piccole \u201cdelizie del Rifugio\u201d con buoni vini, liquori e grappe.<\/p>\n\n\n\n<h3 class=\"wp-block-heading\">Locanda con cucina La Serenissima<\/h3>\n\n\n\n<p>La cucina propone pietanze della tradizione friulana e italiana preparate con ingredienti di qualit\u00e0 e accompagnate da buon vino e da una vista particolare sul lago.<\/p>\n\n\n\n<h2 class=\"wp-block-heading\">Un luogo unico per ricaricare le energie<\/h2>\n\n\n\n<p>Immergersi nella Natura e ascoltare i suoi suoni \u00e8 il modo migliore per rigenerare corpo e mente e vivere a pieno l\u2019esperienza alla base del progetto Friland.<\/p>\n\n\n\n<p>Solo qui a Barcis potrai:<\/p>\n\n\n\n<ul class=\"wp-block-list\">\n<li>Percorrere magici sentieri alla scoperta delle Dolomiti Friulane<\/li>\n\n\n\n<li>Goderti il tramonto da un punto di vista privilegiato sulle dolomiti e in particolare sul Monte Caulana che potrai ammirare dalla finesta Friland<\/li>\n\n\n\n<li>Degustare ottimi piatti preparati con ingredienti biologici all\u2019agriturismo Pian dei Tass<\/li>\n\n\n\n<li>Assaggiare la Petucia storica e il \u201cpetut\u201d dolce tipico simile alla pinza<\/li>\n\n\n\n<li>Ammirare uno dei canyon pi\u00f9 spettacolari d\u2019Italia<\/li>\n\n\n\n<li>Fare canoa, kayak, vela e surf sul lago di Barcis<\/li>\n\n\n\n<li>Immortalare incantevoli scorci sul lago smeraldino di Barcis<\/li>\n\n\n\n<li>Osservare la volta celeste da un punto di vista privilegiato<\/li>\n\n\n\n<li>Passeggiare lungo il greto del Torrente Pentina e fare un bagno rigenerante<\/li>\n\n\n\n<li>Avvistare i cervi che passano nel bosco antistante Friland<a href=\"\/\/fri.land\/it\/giornale\"><\/a><\/li>\n<\/ul>\n","protected":false},"excerpt":{"rendered":"<p>Barcis e le Dolomiti Friulane: scopri il territorio e le escursioni Ti trovi a Barcis, un piccolo paesino montano situato a 409 m slm nel cuore delle Dolomiti Friulane in provincia di Pordenone! Barcis si affaccia sull\u2019omonimo lago che con le sue acque smeraldine le restituisce una luce e un\u2019atmosfera tutte particolari richiamando ogni anno [&hellip;]<\/p>\n","protected":false},"author":3,"featured_media":207,"comment_status":"open","ping_status":"closed","sticky":false,"template":"","format":"standard","meta":{"powered_cache_disable_cache":false,"powered_cache_disable_lazyload":false,"powered_cache_disable_critical_css":false,"powered_cache_specific_critical_css":false,"powered_cache_disable_ucss":false,"powered_cache_specific_ucss":false,"powered_cache_disable_css_optimization":false,"powered_cache_disable_js_optimization":false,"powered_cache_disable_js_defer":false,"powered_cache_disable_js_delay":false,"footnotes":""},"categories":[8],"tags":[],"class_list":["post-206","post","type-post","status-publish","format-standard","has-post-thumbnail","hentry","category-territorio"],"_links":{"self":[{"href":"https:\/\/fri.land\/blog\/wp-json\/wp\/v2\/posts\/206","targetHints":{"allow":["GET"]}}],"collection":[{"href":"https:\/\/fri.land\/blog\/wp-json\/wp\/v2\/posts"}],"about":[{"href":"https:\/\/fri.land\/blog\/wp-json\/wp\/v2\/types\/post"}],"author":[{"embeddable":true,"href":"https:\/\/fri.land\/blog\/wp-json\/wp\/v2\/users\/3"}],"replies":[{"embeddable":true,"href":"https:\/\/fri.land\/blog\/wp-json\/wp\/v2\/comments?post=206"}],"version-history":[{"count":2,"href":"https:\/\/fri.land\/blog\/wp-json\/wp\/v2\/posts\/206\/revisions"}],"predecessor-version":[{"id":1563,"href":"https:\/\/fri.land\/blog\/wp-json\/wp\/v2\/posts\/206\/revisions\/1563"}],"wp:featuredmedia":[{"embeddable":true,"href":"https:\/\/fri.land\/blog\/wp-json\/wp\/v2\/media\/207"}],"wp:attachment":[{"href":"https:\/\/fri.land\/blog\/wp-json\/wp\/v2\/media?parent=206"}],"wp:term":[{"taxonomy":"category","embeddable":true,"href":"https:\/\/fri.land\/blog\/wp-json\/wp\/v2\/categories?post=206"},{"taxonomy":"post_tag","embeddable":true,"href":"https:\/\/fri.land\/blog\/wp-json\/wp\/v2\/tags?post=206"}],"curies":[{"name":"wp","href":"https:\/\/api.w.org\/{rel}","templated":true}]}}