{"id":215,"date":"2023-09-06T10:26:51","date_gmt":"2023-09-06T08:26:51","guid":{"rendered":"\/\/fri.land\/blog\/?p=215"},"modified":"2025-05-13T15:50:09","modified_gmt":"2025-05-13T13:50:09","slug":"guida-ai-colli-berici-attivita-allaria-aperta-e-relax-nella-natura","status":"publish","type":"post","link":"https:\/\/fri.land\/blog\/guida-ai-colli-berici-attivita-allaria-aperta-e-relax-nella-natura\/","title":{"rendered":"Guida ai Colli Berici: attivit\u00e0 all\u2019aria aperta e relax nella natura"},"content":{"rendered":"\n<p>Ti trovi sui Colli Berici in provincia di Vicenza! Pi\u00f9 precisamente siamo ospiti dell&#8217;agriturismo ValVerde. L\u2019azienda agrituristica rappresenta una vera oasi di tranquillit\u00e0 e permette un contatto diretto con la natura.<\/p>\n\n\n\n<p>Qui non solo avrai la possibilit\u00e0 di rigenerarti ammirando i Colli Berici ma potrai anche svolgere diverse attivit\u00e0 all\u2019aria aperta: camminate, escursioni in bicicletta, completare un percorso dedicato interamente alle bici nel Bike Park dell\u2019agriturismo, giocare a calcio e beach volley! Inoltre, avrai a disposizione alcuni barbecue nel grande giardino dell\u2019agriturismo ValVerde per preparare ottime grigliate.<\/p>\n\n\n\n<p>L\u2019azienda agricola ValVerde \u00e8 da pi\u00f9 di 70 anni produttrice di olio extra-vergine di oliva che viene prodotto da oltre 300 ulivi che puoi ammirare nella Valle Verde. Potrai acquistare direttamente qualche bottiglia di olio all\u2019interno della struttura. Inoltre, presso l\u2019agriturismo c\u2019\u00e8 la possibilit\u00e0 di degustare gli ottimi piatti della cucina vicentina, tra cui la pasta fatta in casa, spezzatino di Musso, baccal\u00e0 alla vicentina e tanto altro. Ti consigliamo di prenotare a questo numero: 0444 868242.<\/p>\n\n\n\n<h2 class=\"wp-block-heading\">Escursioni e percorsi immersi nella natura<\/h2>\n\n\n\n<p>Grazie alla nostra partnership con Komoot (sito che permette di pianificare le escursioni nella natura) abbiamo creato delle raccolte delle nostre escursioni preferite da fare a piedi oppure in bici.<\/p>\n\n\n\n<p>In queste raccolte potrai trovare informazioni su lunghezza, tempo di percorrenza, dislivello, traccia gpx, tipo di terreno, livello di difficolt\u00e0 e highlights (luoghi pi\u00f9 amati dalla community di Komoot).<\/p>\n\n\n\n<p><a target=\"_blank\" href=\"\/\/www.komoot.com\/it-it\/collection\/2152461\/-friland-colli-berici-alla-scoperta-dei-colli-a-piedi\" rel=\"noreferrer noopener\">\ud83d\udeb6\u2192 Raccolta escursioni<\/a><\/p>\n\n\n\n<p><a target=\"_blank\" href=\"\/\/www.komoot.com\/it-it\/collection\/2152489\/-friland-colli-berici-in-bicicletta\" rel=\"noreferrer noopener\">\ud83d\udeb2 \u2192 Raccolta tour in bicicletta<\/a><\/p>\n\n\n\n<p>Oltre ai consigli di Komoot, ti suggeriamo anche questi percorsi:<\/p>\n\n\n\n<h3 class=\"wp-block-heading\">Sentiero \u201cLa Scudelletta\u201d<\/h3>\n\n\n\n<p>\u00c9 uno dei percorsi pi\u00f9 lunghi e suggestivi dei Colli Berici e attraversa diversi siti di notevole importanza storica. Il sentiero parte dal centro di Barbarano Vicentino da cui si seguono i segnavia numero 75. Il percorso ha una lunghezza complessiva di 11 km e ti porter\u00e0 alla scoperta di incantevoli paesaggi sugli uliveti e sulle colline, oltre che ti far\u00e0 visitare diversi siti storici come la Necropoli di Barbarano.<\/p>\n\n\n\n<h3 class=\"wp-block-heading\">Valle dei Mulini di Calto<\/h3>\n\n\n\n<p>Questo percorso ti condurr\u00e0 alla scoperta di una delle pi\u00f9 belle aree naturalistiche dei Colli Berici e dell\u2019antica tradizione mugnaia della zona. Si parte dal borgo rurale di Calto dove inizia il sentiero che si snoda per circa 11 km lungo i quali potrai ammirare splendidi scorci sulle colline di questa area.<\/p>\n\n\n\n<p>In aggiunta a questi consigli ti suggeriamo di dare un\u2019occhiata a&nbsp;<a target=\"_blank\" href=\"\/\/fri.land\/guida\/colliberici\/?_gl=1*pvc14c*_up*MQ..*_ga*NTAxMzE0ODQyLjE3MTc5NDU4ODQ.*_ga_7344Q2ZGXN*MTcxNzk0NTg4My4xLjEuMTcxNzk0Njg0My4wLjAuMA..#:~:text=dare%20un%E2%80%99occhiata%20a-,questa%20pagina,-in%20cui%20troverai\" rel=\"noreferrer noopener\">questa pagina<\/a>&nbsp;in cui troverai una mappa interattiva per scoprire le camminate dell\u2019Alta Via dei Colli Berici.<\/p>\n\n\n\n<h3 class=\"wp-block-heading\">BIKE PARK ValVerde<\/h3>\n\n\n\n<p>La struttura che ci ospita dispone anche di un Bike Park per i pi\u00f9 avventurosi: qui potrai sperimentare le tue capacit\u00e0 di biker su diversi tracciati: dalla pista di Cross al Mini Pump al Pump Illuminato. Oltre a queste attivit\u00e0, c\u2019\u00e8 la possibilit\u00e0 di noleggiare biciclette e partire alla scoperta dei Colli Berici.<\/p>\n\n\n\n<h2 class=\"wp-block-heading\">Luoghi da non perdere nei Colli Berici<\/h2>\n\n\n\n<h3 class=\"wp-block-heading\">Vicenza<\/h3>\n\n\n\n<p>Un viaggio a Vicenza \u00e8 percorrere la storia dell\u2019architettura. Romanico, gotico, rinascimentale, barocco, neoclassico: sono le scenografie che decorano le infinite prospettive di quella che \u00e8 stata definita la citt\u00e0-teatro. Da non perdere la visita a palazzi e chiese ricchi di arte e storia. Tra questi ti suggeriamo il Teatro Olimpico progettato da Andrea Palladio e ispirato agli antichi teatri romani descritti da Vitruvio, la Basilica Palladiana situata nel cuore della citt\u00e0 e il cui progetto venne affidato ad Andrea Palladio nel 1549.<\/p>\n\n\n\n<h3 class=\"wp-block-heading\">Lago Fimon<\/h3>\n\n\n\n<p>Si tratta di uno dei pi\u00f9 antichi laghi d\u2019Italia e uno dei pochi non bonificati. Il lago ha una memoria datata alla penultima glaciazione (35.000 anni fa) e attraverso le stratificazioni si vedono i vari depositi dai quali si evincono altre informazioni, ad esempio la meteorologia attraverso cui \u00e8 possibile studiare gli ambienti della preistoria. Sono stati rinvenuti diversi resti di insediamenti a palafitta risalenti a epoche diverse. Oggi il lago rappresenta una meta perfetta per chi vuole passeggiare in riva al lago e ammirare la fauna palustre che popola questo ambiente unico.<\/p>\n\n\n\n<h3 class=\"wp-block-heading\">Ville Palladiane<\/h3>\n\n\n\n<p>Lungo le strade della provincia di Vicenza, qualche volta invisibili agli affrettati viaggiatori, vi sono numerosi edifici che testimoniano i tempi passati in cui l\u2019abitare e il trascorrere le ore in casa e in campagna procurava gioia intensa: le ville Vicentine. Che siano uno splendore incomparabile o di modesta fattura, queste ville costituiscono l\u2019originale diversit\u00e0 della provincia di Vicenza, luogo che deve molto al costruttore e architetto di fama internazionale Andrea Palladio.<\/p>\n\n\n\n<h2 class=\"wp-block-heading\">Un luogo unico per ricaricare le energie<\/h2>\n\n\n\n<p>Immergersi nella Natura e ascoltare i suoi suoni \u00e8 il modo migliore per rigenerare corpo e mente e vivere a pieno l\u2019esperienza alla base del progetto Friland.<\/p>\n\n\n\n<p>SOLO QUI POTRAI:<\/p>\n\n\n\n<ul class=\"wp-block-list\">\n<li>Ammirare le colline circostanti e gli uliveti dei Colli Berici<\/li>\n\n\n\n<li>Passeggiare lungo i sentieri che attraversano i Colli<\/li>\n\n\n\n<li>Provare l\u2019ebbrezza di completare un circuito nel Bike Park dell\u2019agriturismo ValVerde<\/li>\n\n\n\n<li>Osservare la volta celeste da un punto di vista privilegiato<\/li>\n\n\n\n<li>Assaggiare le prelibatezze della cucina vicentina<\/li>\n\n\n\n<li>Degustare ottimo olio extra vergine di oliva a km zero<\/li>\n\n\n\n<li>Goderti il tramonto dalla sommit\u00e0 di una collina<\/li>\n<\/ul>\n\n\n\n<h2 class=\"wp-block-heading\">I sapori del territorio<\/h2>\n\n\n\n<h3 class=\"wp-block-heading\">Agriturismo ValVerde<\/h3>\n\n\n\n<p>A pochi passi dall\u2019alloggio si trova questa struttura che ci ospita e dove avrai la possibilit\u00e0 di degustare ottimi piatti della tradizione, tra cui pasta fatta in casa, spezzatino di Musso e baccal\u00e0 alla vicentina, preparati con ingredienti di alta qualit\u00e0 e completamente della zona. Ti consigliamo anche di degustare il delizioso olio extravergine di oliva che viene prodotto direttamente in azienda. Per prenotare un tavolo ti suggeriamo di contattare l\u2019agriturismo&nbsp;<a target=\"_blank\" href=\"\/\/www.agriturismovalverde.it\/\" rel=\"noreferrer noopener\">alla pagina seguente<\/a>.<\/p>\n\n\n\n<h3 class=\"wp-block-heading\">Trattoria \u201cLa Scudeleta\u201d<\/h3>\n\n\n\n<p>Propone piatti della cucina vicentina tra cui spiccano piatti a base di selvaggina, risotto al tartufo e pasta fatta in casa. Il tutto \u00e8 accompagnato da una terrazza panoramica e da un ottimo accostamento con vini delle cantine locali. Per prenotare ti consigliamo di contattare la struttura&nbsp;<a target=\"_blank\" href=\"\/\/www.trattorialascudeleta.it\/\" rel=\"noreferrer noopener\">alla pagina seguente<\/a>.<\/p>\n\n\n\n<h3 class=\"wp-block-heading\">Ristorante L\u2019Infinito<\/h3>\n\n\n\n<p>La cucina prepara ottimi piatti della cucina tradizionale dei Colli Berici utilizzando ingredienti di qualit\u00e0 e del territorio circostante. L\u2019ambiente accogliente \u00e8 reso ancor pi\u00f9 unico dalla posizione sulla sommit\u00e0 di una collina che offre una vista mozzafiato sui Colli Berici. Per prenotare ti suggeriamo di contattare la struttura&nbsp;<a target=\"_blank\" href=\"\/\/www.facebook.com\/people\/Ristorante-Linfinito\/100054259700290\/\" rel=\"noreferrer noopener\">a questa pagina<\/a>.<\/p>\n","protected":false},"excerpt":{"rendered":"<p>Ti trovi sui Colli Berici in provincia di Vicenza! Pi\u00f9 precisamente siamo ospiti dell&#8217;agriturismo ValVerde. L\u2019azienda agrituristica rappresenta una vera oasi di tranquillit\u00e0 e permette un contatto diretto con la natura. Qui non solo avrai la possibilit\u00e0 di rigenerarti ammirando i Colli Berici ma potrai anche svolgere diverse attivit\u00e0 all\u2019aria aperta: camminate, escursioni in bicicletta, [&hellip;]<\/p>\n","protected":false},"author":3,"featured_media":216,"comment_status":"open","ping_status":"closed","sticky":false,"template":"","format":"standard","meta":{"powered_cache_disable_cache":false,"powered_cache_disable_lazyload":false,"powered_cache_disable_critical_css":false,"powered_cache_specific_critical_css":false,"powered_cache_disable_ucss":false,"powered_cache_specific_ucss":false,"powered_cache_disable_css_optimization":false,"powered_cache_disable_js_optimization":false,"powered_cache_disable_js_defer":false,"powered_cache_disable_js_delay":false,"footnotes":""},"categories":[8],"tags":[],"class_list":["post-215","post","type-post","status-publish","format-standard","has-post-thumbnail","hentry","category-territorio"],"_links":{"self":[{"href":"https:\/\/fri.land\/blog\/wp-json\/wp\/v2\/posts\/215","targetHints":{"allow":["GET"]}}],"collection":[{"href":"https:\/\/fri.land\/blog\/wp-json\/wp\/v2\/posts"}],"about":[{"href":"https:\/\/fri.land\/blog\/wp-json\/wp\/v2\/types\/post"}],"author":[{"embeddable":true,"href":"https:\/\/fri.land\/blog\/wp-json\/wp\/v2\/users\/3"}],"replies":[{"embeddable":true,"href":"https:\/\/fri.land\/blog\/wp-json\/wp\/v2\/comments?post=215"}],"version-history":[{"count":2,"href":"https:\/\/fri.land\/blog\/wp-json\/wp\/v2\/posts\/215\/revisions"}],"predecessor-version":[{"id":1485,"href":"https:\/\/fri.land\/blog\/wp-json\/wp\/v2\/posts\/215\/revisions\/1485"}],"wp:featuredmedia":[{"embeddable":true,"href":"https:\/\/fri.land\/blog\/wp-json\/wp\/v2\/media\/216"}],"wp:attachment":[{"href":"https:\/\/fri.land\/blog\/wp-json\/wp\/v2\/media?parent=215"}],"wp:term":[{"taxonomy":"category","embeddable":true,"href":"https:\/\/fri.land\/blog\/wp-json\/wp\/v2\/categories?post=215"},{"taxonomy":"post_tag","embeddable":true,"href":"https:\/\/fri.land\/blog\/wp-json\/wp\/v2\/tags?post=215"}],"curies":[{"name":"wp","href":"https:\/\/api.w.org\/{rel}","templated":true}]}}