{"id":2221,"date":"2025-12-11T12:43:25","date_gmt":"2025-12-11T11:43:25","guid":{"rendered":"https:\/\/fri.land\/blog\/?p=2221"},"modified":"2025-12-03T16:18:54","modified_gmt":"2025-12-03T15:18:54","slug":"case-per-vacanze-in-montagna","status":"publish","type":"post","link":"https:\/\/fri.land\/blog\/case-per-vacanze-in-montagna\/","title":{"rendered":"Casa in montagna Friland: l\u2019alternativa per chi cerca silenzio e autenticit\u00e0"},"content":{"rendered":"\n<p>In montagna il tempo sembra dilatarsi e ogni attimo sembra finalmente riuscire a trovare il suo spazio.&nbsp;<\/p>\n\n\n\n<p>L\u2019aria \u00e8 pi\u00f9 limpida, i suoni sono leggeri e i colori cambiano tono a ogni variazione della luce, trasformando il paesaggio pi\u00f9 volte nello stesso giorno.&nbsp;<\/p>\n\n\n\n<p>\u00c8 un ambiente che accoglie senza interferenze, in cui il silenzio della natura diventa rassicurante.<\/p>\n\n\n\n<p>\u00c8 dentro questo ritmo che si inseriscono le <strong>case in montagna di Friland<\/strong>.&nbsp;<\/p>\n\n\n\n<p>Sono progettate per vivere la natura da dentro, senza barriere, con spazi raccolti che aprono lo sguardo sul paesaggio e invitano a respirare con lui.&nbsp;<\/p>\n\n\n\n<p>La <strong>semplicit\u00e0 <\/strong>\u00e8 la vera forma di comfort: pochi elementi scelti con cura, che creano un luogo in cui ci si sente protetti e liberi allo stesso tempo.&nbsp;<\/p>\n\n\n\n<h2 class=\"wp-block-heading\">La montagna come luogo del ritorno<\/h2>\n\n\n\n<p>La montagna \u00e8 un luogo che riporta all\u2019essenza, uno spazio dove i pensieri rallentano e il <strong>corpo ritrova la sua naturale leggerezza<\/strong>.&nbsp;<\/p>\n\n\n\n<p>\u00c8 un luogo che nasconde grandi tesori, apprezzabili nella loro interezza solo se ci si avvicina con passo lento e felpato.<\/p>\n\n\n\n<p>La <strong>montagna \u00e8 un luogo da scoprire<\/strong> e allo stesso tempo per riscoprirsi, che tramite i rumori delicati della flora e della fauna ci mostra la nostra essenza, in tutto il suo splendore.<\/p>\n\n\n\n<h2 class=\"wp-block-heading\">Le case Friland in montagna<\/h2>\n\n\n\n<p>Le <strong>case Friland in montagna<\/strong> sono progettate per vivere la natura senza filtri: i materiali e il legno le rendono parte del paesaggio, come se fossero sempre state l\u00ec, integrate nella linea delle montagne senza modificarne l\u2019equilibrio.&nbsp;<\/p>\n\n\n\n<p>E ogni casa ha una sua identit\u00e0: cambia la location, cambia la vista, cambia la luce, il modo in cui il profilo delle cime entra nell\u2019abitare quotidiano, ma le emozioni che genera sono sempre le stesse.<\/p>\n\n\n\n<figure class=\"wp-block-gallery has-nested-images columns-default is-cropped wp-block-gallery-1 is-layout-flex wp-block-gallery-is-layout-flex\">\n<figure class=\"wp-block-image size-large\"><a href=\"https:\/\/fri.land\/it\/regioni\/6-friuli-venezia-giulia\"><img decoding=\"async\" width=\"1200\" height=\"1195\" data-id=\"2225\" src=\"https:\/\/fri.land\/blog\/wp-content\/uploads\/2025\/12\/affittare-appartamento-in-montagna-1200x1195.webp\" alt=\"Friuli Venezia Giulia - Affittare appartamento in montagna\" class=\"wp-image-2225\" srcset=\"https:\/\/fri.land\/blog\/wp-content\/uploads\/2025\/12\/affittare-appartamento-in-montagna-1200x1195.webp 1200w, https:\/\/fri.land\/blog\/wp-content\/uploads\/2025\/12\/affittare-appartamento-in-montagna-300x300.webp 300w, https:\/\/fri.land\/blog\/wp-content\/uploads\/2025\/12\/affittare-appartamento-in-montagna-768x765.webp 768w, https:\/\/fri.land\/blog\/wp-content\/uploads\/2025\/12\/affittare-appartamento-in-montagna.webp 1416w\" sizes=\"(max-width: 1200px) 100vw, 1200px\" \/><\/a><figcaption class=\"wp-element-caption\">Friuli Venezia Giulia<\/figcaption><\/figure>\n\n\n\n<figure class=\"wp-block-image size-large\"><a href=\"https:\/\/fri.land\/it\/destinazione\/14-prealpi-carniche-val-d-arzino\" target=\"_blank\" rel=\" noreferrer noopener\"><img decoding=\"async\" width=\"1189\" height=\"1200\" data-id=\"2228\" src=\"https:\/\/fri.land\/blog\/wp-content\/uploads\/2025\/12\/affittare-case-in-montagna-1189x1200.webp\" alt=\"Val d'Arzino: affittare case in montagna\" class=\"wp-image-2228\" srcset=\"https:\/\/fri.land\/blog\/wp-content\/uploads\/2025\/12\/affittare-case-in-montagna-1189x1200.webp 1189w, https:\/\/fri.land\/blog\/wp-content\/uploads\/2025\/12\/affittare-case-in-montagna-297x300.webp 297w, https:\/\/fri.land\/blog\/wp-content\/uploads\/2025\/12\/affittare-case-in-montagna-768x775.webp 768w, https:\/\/fri.land\/blog\/wp-content\/uploads\/2025\/12\/affittare-case-in-montagna.webp 1352w\" sizes=\"(max-width: 1189px) 100vw, 1189px\" \/><\/a><figcaption class=\"wp-element-caption\">Prealpi Carniche &#8211; Val d&#8217;Arzino<\/figcaption><\/figure>\n\n\n\n<figure class=\"wp-block-image size-large\"><a href=\"https:\/\/fri.land\/it\/destinazione\/51-dolomiti-sappada\"><img decoding=\"async\" width=\"1200\" height=\"1196\" data-id=\"2240\" src=\"https:\/\/fri.land\/blog\/wp-content\/uploads\/2025\/12\/appartamenti-montagna-1200x1196.webp\" alt=\"Dolomiti: appartamenti in montagna\" class=\"wp-image-2240\" srcset=\"https:\/\/fri.land\/blog\/wp-content\/uploads\/2025\/12\/appartamenti-montagna-1200x1196.webp 1200w, https:\/\/fri.land\/blog\/wp-content\/uploads\/2025\/12\/appartamenti-montagna-300x300.webp 300w, https:\/\/fri.land\/blog\/wp-content\/uploads\/2025\/12\/appartamenti-montagna-768x766.webp 768w, https:\/\/fri.land\/blog\/wp-content\/uploads\/2025\/12\/appartamenti-montagna.webp 1362w\" sizes=\"(max-width: 1200px) 100vw, 1200px\" \/><\/a><figcaption class=\"wp-element-caption\">Dolomiti &#8211; Sappada<\/figcaption><\/figure>\n\n\n\n<figure class=\"wp-block-image size-large\"><a href=\"https:\/\/fri.land\/it\/destinazione\/43-dolomiti-sappada-udine\" target=\"_blank\" rel=\" noreferrer noopener\"><img decoding=\"async\" width=\"1200\" height=\"1198\" data-id=\"2237\" src=\"https:\/\/fri.land\/blog\/wp-content\/uploads\/2025\/12\/appartamento-montagna-1200x1198.webp\" alt=\"Sappada, Udine: appartamento in montagna\" class=\"wp-image-2237\" srcset=\"https:\/\/fri.land\/blog\/wp-content\/uploads\/2025\/12\/appartamento-montagna-1200x1198.webp 1200w, https:\/\/fri.land\/blog\/wp-content\/uploads\/2025\/12\/appartamento-montagna-300x300.webp 300w, https:\/\/fri.land\/blog\/wp-content\/uploads\/2025\/12\/appartamento-montagna-768x767.webp 768w, https:\/\/fri.land\/blog\/wp-content\/uploads\/2025\/12\/appartamento-montagna.webp 1368w\" sizes=\"(max-width: 1200px) 100vw, 1200px\" \/><\/a><figcaption class=\"wp-element-caption\">Dolomiti &#8211; Sappada (Udine)<\/figcaption><\/figure>\n\n\n\n<figure class=\"wp-block-image size-large\"><a href=\"https:\/\/fri.land\/it\/destinazione\/34-alpi-giulie-taipana\"><img decoding=\"async\" width=\"1200\" height=\"1200\" data-id=\"2234\" src=\"https:\/\/fri.land\/blog\/wp-content\/uploads\/2025\/12\/casa-di-montagna-affitto-1200x1200.webp\" alt=\"Taipana: casa di montagna in affitto\" class=\"wp-image-2234\" srcset=\"https:\/\/fri.land\/blog\/wp-content\/uploads\/2025\/12\/casa-di-montagna-affitto-1200x1200.webp 1200w, https:\/\/fri.land\/blog\/wp-content\/uploads\/2025\/12\/casa-di-montagna-affitto-300x300.webp 300w, https:\/\/fri.land\/blog\/wp-content\/uploads\/2025\/12\/casa-di-montagna-affitto-768x768.webp 768w, https:\/\/fri.land\/blog\/wp-content\/uploads\/2025\/12\/casa-di-montagna-affitto.webp 1360w\" sizes=\"(max-width: 1200px) 100vw, 1200px\" \/><\/a><figcaption class=\"wp-element-caption\">Alpi Giulie &#8211; Taipana<\/figcaption><\/figure>\n\n\n\n<figure class=\"wp-block-image size-large\"><a href=\"https:\/\/fri.land\/it\/destinazione\/24-prealpi-carniche-monte-prat\"><img decoding=\"async\" width=\"1200\" height=\"1197\" data-id=\"2231\" src=\"https:\/\/fri.land\/blog\/wp-content\/uploads\/2025\/12\/casa-montagna-vacanze-1200x1197.webp\" alt=\"Monte Prat: casa in montagna per vacanze\" class=\"wp-image-2231\" srcset=\"https:\/\/fri.land\/blog\/wp-content\/uploads\/2025\/12\/casa-montagna-vacanze-1200x1197.webp 1200w, https:\/\/fri.land\/blog\/wp-content\/uploads\/2025\/12\/casa-montagna-vacanze-300x300.webp 300w, https:\/\/fri.land\/blog\/wp-content\/uploads\/2025\/12\/casa-montagna-vacanze-768x766.webp 768w, https:\/\/fri.land\/blog\/wp-content\/uploads\/2025\/12\/casa-montagna-vacanze.webp 1420w\" sizes=\"(max-width: 1200px) 100vw, 1200px\" \/><\/a><figcaption class=\"wp-element-caption\">Prealpi Carniche &#8211; Monte Prat<\/figcaption><\/figure>\n<\/figure>\n\n\n\n<p>All\u2019interno, gli spazi sono raccolti e curati, pensati per accogliere senza sovraccaricare, mentre le vetrate permettono alla luce di attraversare le stanze e al <strong>paesaggio di diventare parte dell\u2019arredo<\/strong>.&nbsp;<\/p>\n\n\n\n<h2 class=\"wp-block-heading\">Perch\u00e9 scegliere una casa in montagna come alternativa alla vacanza tradizionale<\/h2>\n\n\n\n<p>Scegliere una casa in montagna come alternativa alla vacanza tradizionale significa affidarsi a un tipo di benessere che \u00e8 confermato anche dalla ricerca scientifica.&nbsp;<\/p>\n\n\n\n<p>Lo studio <a href=\"https:\/\/pmc.ncbi.nlm.nih.gov\/articles\/PMC6313427\/\" target=\"_blank\" rel=\"noopener\"><em>Health-Related Effects of Short Stays at Mountain Environments<\/em><\/a> ha confrontato brevi soggiorni in prati montani, lungo un fiume di montagna e in un ambiente urbano, evidenziando effetti molto diversi sullo stato psicologico dei partecipanti.&nbsp;<\/p>\n\n\n\n<p>Nei contesti montani \u00e8 emerso un <strong>miglioramento significativo del benessere soggettivo<\/strong>, una maggiore capacit\u00e0 di concentrazione e una riduzione percepita dello stress.&nbsp;<\/p>\n\n\n\n<p>Le misure fisiologiche, come frequenza cardiaca e pressione sanguigna, sono risultate meno variabili, ma l\u2019impatto psicologico della montagna \u00e8 apparso nettamente pi\u00f9 intenso e marcato.<\/p>\n\n\n\n<p>In una <a href=\"https:\/\/fri.land\/blog\/case-nel-bosco\/\">casa immersa tra boschi<\/a> e cime, il corpo si rilassa in modo naturale e la mente riconquista i suoi&nbsp; spazi di calma, spesso difficili da trovare nei contesti pi\u00f9 turistici.&nbsp;<\/p>\n\n\n\n<h2 class=\"wp-block-heading\">Cosa significa davvero abitare la montagna<\/h2>\n\n\n\n<div class=\"wp-block-columns is-layout-flex wp-container-core-columns-is-layout-9d6595d7 wp-block-columns-is-layout-flex\">\n<div class=\"wp-block-column is-layout-flow wp-block-column-is-layout-flow\">\n<p>Abitare la montagna vuol dire entrare in <strong>relazione vera con il luogo<\/strong>, lasciando che sia il paesaggio a dettare il ritmo delle giornate.&nbsp;<\/p>\n\n\n\n<p>Le mattine iniziano con una luce che si apre lentamente tra le cime e invita a <strong>muoversi con calma<\/strong>, mentre i suoni arrivano chiari e distanti, come se ogni cosa avesse pi\u00f9 spazio per farsi ascoltare.&nbsp;<\/p>\n\n\n\n<p>Le ore scorrono seguendo il movimento delle ombre sulle rocce e possiamo imparare a leggere il territorio, cos\u00ec da riconoscerne i segni e sentirci parte di un equilibrio che non ha bisogno di rumore.&nbsp;Abitare questo ambiente significa <strong>lasciare entrare la sua essenzialit\u00e0<\/strong> nella vita quotidiana, dando la possibilit\u00e0 alla natura di diventare una guida silenziosa che orienta pensieri e gesti.<\/p>\n<\/div>\n\n\n\n<div class=\"wp-block-column is-layout-flow wp-block-column-is-layout-flow\">\n<figure class=\"wp-block-image size-large\"><img decoding=\"async\" width=\"900\" height=\"1200\" src=\"https:\/\/fri.land\/blog\/wp-content\/uploads\/2025\/12\/montagna-case-vacanza-900x1200.webp\" alt=\"montagna case vacanze\" class=\"wp-image-2251\" srcset=\"https:\/\/fri.land\/blog\/wp-content\/uploads\/2025\/12\/montagna-case-vacanza-900x1200.webp 900w, https:\/\/fri.land\/blog\/wp-content\/uploads\/2025\/12\/montagna-case-vacanza-225x300.webp 225w, https:\/\/fri.land\/blog\/wp-content\/uploads\/2025\/12\/montagna-case-vacanza-768x1024.webp 768w, https:\/\/fri.land\/blog\/wp-content\/uploads\/2025\/12\/montagna-case-vacanza.webp 960w\" sizes=\"(max-width: 900px) 100vw, 900px\" \/><\/figure>\n<\/div>\n<\/div>\n\n\n\n<h2 class=\"wp-block-heading\">5 esperienze semplici da vivere in una casa di montagna<\/h2>\n\n\n\n<p>Le montagne offrono moltissime esperienze, ma alcune delle pi\u00f9 significative sono anche le pi\u00f9 semplici.<\/p>\n\n\n\n<p>Nelle case Friland si possono vivere giornate dedicate al silenzio, al movimento lento, alla scoperta dei sensi: ecco 5 esperienze che puoi svolgere durante il tuo soggiorno.<\/p>\n\n\n\n<h3 class=\"wp-block-heading\">1. Camminare tra i sentieri<\/h3>\n\n\n\n<p>Camminare tra i sentieri \u00e8 un\u2019attivit\u00e0 semplice e adatta ad ogni persona, perch\u00e9 permette di muoversi nella natura senza particolari difficolt\u00e0.&nbsp;<\/p>\n\n\n\n<p>Per iniziare basta scegliere un percorso ben segnalato e adeguato al proprio livello, <strong>indossare scarpe comode<\/strong> e portare con s\u00e9 <strong>acqua <\/strong>e <strong>snack<\/strong>.&nbsp;<\/p>\n\n\n\n<p>In alcuni tratti, quando il terreno lo consente, si pu\u00f2 sperimentare anche il <a href=\"https:\/\/fri.land\/blog\/barefoot-walking\/\"><strong>barefooting<\/strong><\/a>, camminando a piedi nudi per percepire meglio il contatto con il suolo e rendere l\u2019esperienza pi\u00f9 sensoriale, oppure il <a href=\"https:\/\/fri.land\/blog\/mindful-walking\/\"><strong>mindful walking<\/strong><\/a>, la meditazione camminata.<\/p>\n\n\n\n<p>Prima di avviarsi su un sentiero \u00e8 utile <strong>controllare il meteo<\/strong> e informarsi sulle caratteristiche del sentiero, cos\u00ec da affrontarlo con serenit\u00e0.&nbsp;<strong>Restare sui tracciati ufficiali<\/strong>, inoltre, garantisce sicurezza.<\/p>\n\n\n\n<div class=\"wp-block-columns is-layout-flex wp-container-core-columns-is-layout-9d6595d7 wp-block-columns-is-layout-flex\">\n<div class=\"wp-block-column is-layout-flow wp-block-column-is-layout-flow\">\n<h3 class=\"wp-block-heading\">2. Fare una colazione lenta<\/h3>\n\n\n\n<p>Fare una colazione lenta pu\u00f2 diventare uno dei momenti pi\u00f9 piacevoli di una vacanza in montagna.&nbsp;<\/p>\n\n\n\n<p>Ci si sveglia con la luce che filtra dalle finestre, si prepara qualcosa di semplice e ci si siede per gustare il cibo senza fretta, lasciando che il silenzio del mattino accompagni ogni nostro gesto.&nbsp;\u00c8 un modo per<strong> iniziare la giornata con un passo pi\u00f9 morbido<\/strong>, ascoltando l\u2019ambiente intorno e concedendosi il tempo di assaporare davvero il momento.<\/p>\n<\/div>\n\n\n\n<div class=\"wp-block-column is-layout-flow wp-block-column-is-layout-flow\">\n<figure class=\"wp-block-image size-full\"><img decoding=\"async\" width=\"720\" height=\"960\" src=\"https:\/\/fri.land\/blog\/wp-content\/uploads\/2025\/12\/case-in-montagna.webp\" alt=\"case in montagna\" class=\"wp-image-2254\" srcset=\"https:\/\/fri.land\/blog\/wp-content\/uploads\/2025\/12\/case-in-montagna.webp 720w, https:\/\/fri.land\/blog\/wp-content\/uploads\/2025\/12\/case-in-montagna-225x300.webp 225w\" sizes=\"(max-width: 720px) 100vw, 720px\" \/><\/figure>\n<\/div>\n<\/div>\n\n\n\n<h3 class=\"wp-block-heading\">3. Ascoltare i suoni del paesaggio<\/h3>\n\n\n\n<p>Ascoltare i suoni del paesaggio \u00e8 un altro gesto semplice che arricchisce l\u2019esperienza di una vacanza in montagna.&nbsp;<\/p>\n\n\n\n<p>Basta aprire la finestra o fermarsi lungo un sentiero per accorgersi dei dettagli, come:&nbsp;<\/p>\n\n\n\n<ul class=\"wp-block-list\">\n<li>il vento che passa tra gli alberi;\u00a0<\/li>\n\n\n\n<li>l\u2019acqua del fiume che scorre;<\/li>\n\n\n\n<li>il richiamo degli uccelli nascosti tra le foglie.\u00a0<\/li>\n<\/ul>\n\n\n\n<p>Concedersi qualche minuto per restare in silenzio<strong> permette di cogliere queste sfumature<\/strong> e di entrare davvero nel ritmo del luogo, lasciando che siano i suoni a guidare l\u2019attenzione e a portare la mente nello spazio del presente.<\/p>\n\n\n\n<h3 class=\"wp-block-heading\">4. Osservare il cielo e le stelle<\/h3>\n\n\n\n<p>Osservare il cielo e le stelle \u00e8 un gesto che si presta naturalmente alla montagna: l\u2019aria limpida e l\u2019assenza di luci artificiali, infatti, rendono la volta celeste pi\u00f9 nitida e maestosa.<\/p>\n\n\n\n<p>Per fare questa attivit\u00e0 basta scegliere un <strong>punto tranquillo<\/strong>, sedersi per qualche minuto e lasciare che la notte si assesti. Gli occhi si abituano al buio e le stelle iniziano a emergere una a una, rivelando costellazioni, pianeti, stelle e galassie.<\/p>\n\n\n\n<p>\u00c8 un modo per praticare <a href=\"https:\/\/fri.land\/blog\/astroturismo\/\"><strong>astroturismo<\/strong><\/a> e chiudere la giornata con calma, accompagnati dal silenzio e dalla sensazione di trovarsi in uno spazio immenso, dove il tempo sembra distendersi e la mente ritrova leggerezza.<\/p>\n\n\n\n<h3 class=\"wp-block-heading\">5. Leggere o scrivere nel silenzio<\/h3>\n\n\n\n<p>Sedersi accanto a una finestra o nell\u2019erba con un libro o un quaderno permette di vivere un momento intimo e profondo con il proprio s\u00e9: si pu\u00f2 praticare, ad esempio, il <a href=\"https:\/\/fri.land\/blog\/journaling\/\"><strong>journaling<\/strong><\/a>, che consente di fare chiarezza nella mente, rimettendo in ordine le idee, oppure leggere un bel romanzo.<\/p>\n\n\n\n<p>\u00c8 un tempo di qualit\u00e0 dedicato alla propria persona, immerso in un contesto che stimola positivamente e senza distrarre.<\/p>\n\n\n\n<h2 class=\"wp-block-heading\">Tiny House Friland: l\u2019alternativa alle case vacanza in montagna<\/h2>\n\n\n\n<figure class=\"wp-block-image size-large\"><img decoding=\"async\" width=\"1200\" height=\"800\" src=\"https:\/\/fri.land\/blog\/wp-content\/uploads\/2025\/12\/case-per-vacanze-in-montagna-1200x800.webp\" alt=\"casa per vacanze in montagna\" class=\"wp-image-2261\" srcset=\"https:\/\/fri.land\/blog\/wp-content\/uploads\/2025\/12\/case-per-vacanze-in-montagna-1200x800.webp 1200w, https:\/\/fri.land\/blog\/wp-content\/uploads\/2025\/12\/case-per-vacanze-in-montagna-300x200.webp 300w, https:\/\/fri.land\/blog\/wp-content\/uploads\/2025\/12\/case-per-vacanze-in-montagna-768x512.webp 768w, https:\/\/fri.land\/blog\/wp-content\/uploads\/2025\/12\/case-per-vacanze-in-montagna.webp 1536w\" sizes=\"(max-width: 1200px) 100vw, 1200px\" \/><\/figure>\n\n\n\n<p>Le<strong> <\/strong><a href=\"https:\/\/fri.land\/blog\/tiny-house-tutto-quello-che-devi-sapere-sulle-mini-case\/\"><strong>tiny house<\/strong><\/a> Friland nascono proprio per offrire un modo diverso di vivere la montagna, per vivere esperienze semplici ma appaganti: sono Casette immerse nel verde, per un reale contatto con la natura.<\/p>\n\n\n\n<p>Ogni casa \u00e8 collocata in un luogo scelto per la sua bellezza e per la tranquillit\u00e0 che offre, con interni curati ma essenziali, per offrire un&#8217;atmosfera calda, raccolta e che invita a rallentare.<\/p>\n\n\n\n<p>Le <strong>tiny house Friland<\/strong>, inoltre, permettono di praticare <a href=\"https:\/\/fri.land\/blog\/turismo-green\">turismo green<\/a> in modo libero e rispettoso, in quanto l\u2019impatto sull\u2019ambiente \u00e8 minimo.<\/p>\n\n\n\n<p>Scopri le <a href=\"https:\/\/fri.land\/it\/destinazioni\">destinazioni Friland<\/a>!<\/p>\n\n\n\n<p><\/p>\n","protected":false},"excerpt":{"rendered":"<p>In montagna il tempo sembra dilatarsi e ogni attimo sembra finalmente riuscire a trovare il suo spazio.&nbsp; L\u2019aria \u00e8 pi\u00f9 limpida, i suoni sono leggeri e i colori cambiano tono a ogni variazione della luce, trasformando il paesaggio pi\u00f9 volte nello stesso giorno.&nbsp; \u00c8 un ambiente che accoglie senza interferenze, in cui il silenzio della [&hellip;]<\/p>\n","protected":false},"author":5,"featured_media":2222,"comment_status":"closed","ping_status":"closed","sticky":false,"template":"","format":"standard","meta":{"powered_cache_disable_cache":false,"powered_cache_disable_lazyload":false,"powered_cache_disable_critical_css":false,"powered_cache_specific_critical_css":false,"powered_cache_disable_ucss":false,"powered_cache_specific_ucss":false,"powered_cache_disable_css_optimization":false,"powered_cache_disable_js_optimization":false,"powered_cache_disable_js_defer":false,"powered_cache_disable_js_delay":false,"footnotes":""},"categories":[11],"tags":[],"class_list":["post-2221","post","type-post","status-publish","format-standard","has-post-thumbnail","hentry","category-esperienze-rilassanti"],"_links":{"self":[{"href":"https:\/\/fri.land\/blog\/wp-json\/wp\/v2\/posts\/2221","targetHints":{"allow":["GET"]}}],"collection":[{"href":"https:\/\/fri.land\/blog\/wp-json\/wp\/v2\/posts"}],"about":[{"href":"https:\/\/fri.land\/blog\/wp-json\/wp\/v2\/types\/post"}],"author":[{"embeddable":true,"href":"https:\/\/fri.land\/blog\/wp-json\/wp\/v2\/users\/5"}],"replies":[{"embeddable":true,"href":"https:\/\/fri.land\/blog\/wp-json\/wp\/v2\/comments?post=2221"}],"version-history":[{"count":5,"href":"https:\/\/fri.land\/blog\/wp-json\/wp\/v2\/posts\/2221\/revisions"}],"predecessor-version":[{"id":2264,"href":"https:\/\/fri.land\/blog\/wp-json\/wp\/v2\/posts\/2221\/revisions\/2264"}],"wp:featuredmedia":[{"embeddable":true,"href":"https:\/\/fri.land\/blog\/wp-json\/wp\/v2\/media\/2222"}],"wp:attachment":[{"href":"https:\/\/fri.land\/blog\/wp-json\/wp\/v2\/media?parent=2221"}],"wp:term":[{"taxonomy":"category","embeddable":true,"href":"https:\/\/fri.land\/blog\/wp-json\/wp\/v2\/categories?post=2221"},{"taxonomy":"post_tag","embeddable":true,"href":"https:\/\/fri.land\/blog\/wp-json\/wp\/v2\/tags?post=2221"}],"curies":[{"name":"wp","href":"https:\/\/api.w.org\/{rel}","templated":true}]}}