{"id":224,"date":"2024-04-15T15:39:27","date_gmt":"2024-04-15T13:39:27","guid":{"rendered":"\/\/fri.land\/blog\/?p=224"},"modified":"2025-05-15T17:14:26","modified_gmt":"2025-05-15T15:14:26","slug":"monte-joanaz-scopri-la-bellezza-delle-prealpi-giulie","status":"publish","type":"post","link":"https:\/\/fri.land\/blog\/monte-joanaz-scopri-la-bellezza-delle-prealpi-giulie\/","title":{"rendered":"Monte Joanaz: scopri la bellezza delle Prealpi Giulie"},"content":{"rendered":"\n<p>Ti trovi sul Monte Joanaz a 1167 metri sul livello del mare, una delle vette delle Prealpi Giulie incastonata nel comune di Torreano di Cividale!<\/p>\n\n\n\n<p>L\u2019ampio spazio aperto dove \u00e8 situato il nostro alloggio offre l\u2019opportunit\u00e0 di godere di molte ore di sole durante le tiepide giornate primaverili e di ammirare magnifici cieli stellati durante la notte. Il punto di forza della nostra nuova location \u00e8 senza dubbio la vista mozzafiato a 360 gradi sull\u2019intera regione: dalla pianura friulana alle maestose Alpi Giulie, dal mare fino alle dolci colline orientali.<\/p>\n\n\n\n<h2 class=\"wp-block-heading\">Escursioni sul Monte Joanaz<\/h2>\n\n\n\n<p>Il Monte Joanaz \u00e8 una meta molto frequentata dagli escursionisti ed appassionati di montagna.<\/p>\n\n\n\n<p>Grazie alla nostra partnership con Komoot (sito che permette di pianificare le escursioni nella natura) abbiamo creato delle raccolte delle nostre escursioni preferite da fare a piedi oppure in bici.<\/p>\n\n\n\n<p>In queste raccolte potrai trovare informazioni su lunghezza, tempo di percorrenza, dislivello, traccia gpx, tipo di terreno, livello di difficolt\u00e0 e highlights (luoghi pi\u00f9 amati dalla community di Komoot).<\/p>\n\n\n\n<p><a target=\"_blank\" href=\"\/\/www.komoot.com\/it-it\/collection\/2067262\/-friland-monte-joanaz-camminando-nelle-prealpi-giulie\" rel=\"noreferrer noopener\">\ud83d\udeb6\u2192 Raccolta escursioni<\/a><\/p>\n\n\n\n<p><a target=\"_blank\" href=\"\/\/www.komoot.com\/it-it\/collection\/2074783\/-friland-monte-joanaz-strade-da-percorrere-in-sella-alla-bicicletta\" rel=\"noreferrer noopener\">\ud83d\udeb2 \u2192 Raccolta tour in bicicletta<\/a><\/p>\n\n\n\n<p>Oltre ai consigli di Komoot ti suggeriamo anche questi percorsi:<\/p>\n\n\n\n<h3 class=\"wp-block-heading\">Cascate di Preloh<\/h3>\n\n\n\n<p>Partendo dalla frazione di Masarolis nell\u2019alta Val Chiar\u00f2, si percorre un sentiero ad anello alla scoperta delle magiche cascate del torrente Preloh che, poco distante da Masarolis, presenta un animo esuberante creando una serie di cascate scolpite negli strati rocciosi del Flysch. L\u2019escursione si snoda lungo circa 4.5 km ed \u00e8 adatta anche ai bambini.<\/p>\n\n\n\n<h3 class=\"wp-block-heading\">Monte Craguenza<\/h3>\n\n\n\n<p>Dalla frazione di Masarolis si procede fino a localit\u00e0 Tamoris dove si pu\u00f2 lasciare l\u2019auto in corrispondenza di una strada sterrata. Si procede fino a raggiungere il primo tornante dove si imbocca il sentiero CAI 752 che sale verso la cima a quota 947 m slm. Da qui si gode di una vista spettacolare sulle Valli del Natisone, sulla pianura friulana e verso nord sulle Alpi Giulie.<\/p>\n\n\n\n<h3 class=\"wp-block-heading\">Sentiero delle Streghe, delle Agane e dei Folletti<\/h3>\n\n\n\n<p>Percorsi molto suggestivi e ben segnalati accomunati dallo stesso punto di partenza: il centro di Sub\u00eet di Attimis.<\/p>\n\n\n\n<p>Il sentiero dei Folletti \u00e8 dedicato alle erbe medicinali ed \u00e8 contraddistinto da segnavia di colore ROSSO. Lungo il percorso troverai alcune tabelle esplicative che narrano le propriet\u00e0 e i benefici delle erbe.<\/p>\n\n\n\n<p>Il sentiero delle Agane invece \u00e8 contraddistinto da segnavia di colore VERDE che spiegano la flora locale. Si raggiunge anche il punto pi\u00f9 elevato dell\u2019escursione da cui si ammira uno splendido paesaggio sulle montagne circostanti.<\/p>\n\n\n\n<p>Il sentiero delle streghe infine, contraddistinto da segnavia di colore NERO, \u00e8 dedicato alle erbe tossiche.<\/p>\n\n\n\n<h3 class=\"wp-block-heading\">Sentiero dei castelli<\/h3>\n\n\n\n<p>Partendo dal parcheggio antistante la chiesa di Attimis ci si inerpica tra alberi e rocce per raggiungere dapprima il castello Inferiore e poi il castello Superiore di Attimis. Il sentiero prosegue alla volta del Castello di Partistagno, caratterizzato da un imponente torrione. Da qui si prosegue lungo una strada di ciottoli verso i castelli di Cucagna e di Zucco situati nel comune di Faedis. Si tratta di un percorso di circa 10 km totali che ti riporter\u00e0 indietro nel tempo all\u2019epoca medievale.<\/p>\n\n\n\n<h3 class=\"wp-block-heading\">Escursione alle cascate gemelle<\/h3>\n\n\n\n<p>Breve ma suggestiva passeggiata nel bosco che conduce ad una radura da cui si diramano numerose cascatelle. Si parte dalla strada che da Faedis conduce a Canebola con la possibilit\u00e0 di lasciare l\u2019auto in un comodo parcheggio nelle vicinanze.<\/p>\n\n\n\n<h2 class=\"wp-block-heading\">Escursioni in bici<\/h2>\n\n\n\n<h3 class=\"wp-block-heading\">Bocchetta Sant\u2019Antonio<\/h3>\n\n\n\n<p>Questo luogo panoramico \u00e8 raggiungibile sia in auto sia in bicicletta da Faedis e rappresenta un punto di partenza per numerosi sentieri. Oltre all\u2019aspetto paesaggistico va menzionato anche quello storico: sulla facciata della cappella infatti si trova una lapide commemorativa di un soldato che perse la vita durante la Grande Guerra.<\/p>\n\n\n\n<h3 class=\"wp-block-heading\">Madonnina del Monte Carnizza<\/h3>\n\n\n\n<p>Si tratta di un\u2019altra meta per gli appassionati delle due ruote. Ribattezzata anche come Cima Porzus dopo il passaggio del Giro d\u2019Italia del 2016 \u00e8 un luogo ideale per il relax e per l\u2019attivit\u00e0 all\u2019aria aperta con una vista spettacolare sulla pianura sottostante, dal golfo di Trieste fino alla punta dell\u2019Istria, dalle vette del Piancavallo a quelle delle Prealpi e Alpi Giulie. \u00c8 accessibile sia dalla strada che parte da Attimis e procede verso Porzus sia da Faedis passando per Canebola e la sopra citata Bocchetta di Sant\u2019Antonio.<\/p>\n\n\n\n<h2 class=\"wp-block-heading\">In cerca di adrenalina?<\/h2>\n\n\n\n<p>Se pratichi voli con il parapendio ti segnaliamo la presenza di una piccola postazione di lancio nella vicina Porzus. Si raggiunge dalla piazza del paese seguendo le indicazioni verso Pian del Cel\u00f2 attraverso una strada sterrata. Se sei un amante del parapendio ti consigliamo questa ottima postazione dove troverai le correnti favorevoli per un perfetto decollo.<\/p>\n\n\n\n<h2 class=\"wp-block-heading\">Cosa visitare?<\/h2>\n\n\n\n<h3 class=\"wp-block-heading\">Villa Maisano<\/h3>\n\n\n\n<p>La villa si trova sulla sommit\u00e0 di una collina poco distante dal borgo di Togliano nel comune di Torreano di Cividale e si compone di due nuclei: il primo costituito da una torre quadrata e dal basamento dell\u2019attuale abitazione signorile, ambedue antecedenti al XVI secolo. Il secondo nucleo invece corrisponde alla villa fatta costruire nel 1587 dal provveditore Pietro Della Torre per il soggiorno estivo.<\/p>\n\n\n\n<h3 class=\"wp-block-heading\">Malghe di Porzus<\/h3>\n\n\n\n<p>Porzus \u00e8 drammaticamente nota per l\u2019Eccidio delle Malghe di Porzus. Qui infatti furono brutalmente uccisi 17 componenti della Brigata Osoppo da parte di alcuni partigiani appartenenti al Partito Comunista Italiano. Il 7 febbraio 1945, un gruppo di partigiani comunisti appartenenti ai GAP capeggiati da Mario Toffanin (Giacca) raggiunse il comando della Gruppo delle Brigate Est della Divisione partigiana Osoppo situato presso le malghe di Porz\u00fbs con l\u2019obiettivo di arrestare e fucilare i membri. Nel 1954, durante il Processo di Lucca, venne emessa la sentenza che condannava i 36 responsabili dell\u2019eccidio a 777 anni complessivi di carcere. I condannati vennero poi liberati in seguito a varie amnistie, l\u2019ultima delle quali avvenuta il 15 maggio 1973. L\u2019episodio di Porzus fu uno dei pi\u00f9 controversi e tragici della Resistenza Italiana, tanto da essere ancora argomento di discussione storiografica, giornalistica e politica sulla natura e gli obiettivi immediati e prospettici del PCI in quegli anni.<\/p>\n\n\n\n<h3 class=\"wp-block-heading\">Cividale del Friuli<\/h3>\n\n\n\n<p>Fondata da Giulio Cesare con il nome di Forum Iulii da cui deriva il nome Friuli, nel 568 d.C. Cividale divenne sede del primo ducato longobardo in Italia e in seguito per diversi secoli residenza dei Patriarchi di Aquileia. La citt\u00e0 infatti conserva significative testimonianze longobarde, prima fra tutte il Tempietto Longobardo, una delle pi\u00f9 straordinarie e misteriose architetture alto-medievali occidentali. Altri tesori sono custoditi nei due musei cittadini: l\u2019altare fatto costruire dal duca Ratchis e il battistero visibili entrambi nel prezioso Museo Cristiano del Duomo mentre il Museo Archeologico Nazionale espone i corredi delle necropoli longobarde. Questo patrimonio artistico e storico \u00e8 stato riconosciuto dall\u2019UNESCO. Altro simbolo della citt\u00e0 \u00e8 il Ponte del Diavolo, costruito in pietra a partire dal 1442 al fine di collegare le due sponde del fiume Natisone. Il suo nome deriva dalla leggenda popolare secondo cui i cividalesi avrebbero chiesto aiuto per costruire il ponte al diavolo il quale in cambio avrebbe preteso l\u2019anima della prima creatura che fosse passata sul ponte. Accettato il patto, in una sola notte il Diavolo eresse il ponte ma la mattina seguente i cittadini fecero passare sul ponte un animale. Pare che in alcuni periodi dell\u2019anno qualcuno abbia udito rumori simili ai lamenti degli animali stessi provenienti dal letto del fiume. Il Diavolo cos\u00ec beffato dovette accontentarsi dell\u2019anima dell\u2019animale, lasciando per sempre in pace i cividalesi.<\/p>\n\n\n\n<p>Cividale \u00e8 tra le citt\u00e0 storiche pi\u00f9 importanti della regione e merita una visita non solo per i numerosi siti storici ma anche per assaggiare le sue eccellenze gastronomiche, in primis la gubana, un dolce le cui origini risalgono al 1409 e composto da noci, uvetta, pinoli e scorza di limone.<\/p>\n\n\n\n<h2 class=\"wp-block-heading\">Apprezzare i sapori del territorio<\/h2>\n\n\n\n<h3 class=\"wp-block-heading\">Agriturismo Zaro<\/h3>\n\n\n\n<p>Punto forte dell\u2019azienda Agricola Multifunzionale \u00e8 sicuramente la coltivazione e produzione biologica di ortaggi ed erbe selvatiche ed officinali che vengono poi usati come ingredienti di deliziosi piatti. La cucina infatti propone un men\u00f9 principalmente vegetariano con una proposta limitata di piatti a base di carne di cervo in alcuni periodi dell\u2019anno. Un vasto parco con diversi giochi per bambini e il percorso natura di circa 13 km che si snoda intorno alla stessa azienda rendono l\u2019Agriturismo Zaro un&#8217;isola felice per i pi\u00f9 piccoli, per i quali vengono organizzati laboratori didattici di \u201cpercorsi crescita\u201d. L\u2019obiettivo di promuovere uno stile di vita sano, consapevole e connesso con la natura viene perseguito attraverso l\u2019attivit\u00e0 agrituristica sia tramite la cucina sia tramite laboratori e percorsi esperienziali ed eventi.<\/p>\n\n\n\n<h3 class=\"wp-block-heading\">Agriturismo al Vecjo Mulin<\/h3>\n\n\n\n<p>In un ambiente rustico e familiare, la cucina offre pietanze della tradizione locale preparate con cura e qualit\u00e0. Molti piatti vengono fatti in casa e con prodotti di stagione; ottimi anche i piatti di selvaggina \ud83e\udd8c.<\/p>\n\n\n\n<h3 class=\"wp-block-heading\">Locanda da Menia<\/h3>\n\n\n\n<p>Situata nel cuore della pittoresca Val Chiar\u00f2, la cucina propone i piatti della tradizione friulana immersi in un ambiente ospitale e familiare. Tra le prelibatezze della locanda non si possono non citare il frico, la frittata alle erbe, il salame con aceto e cipolla, muset e brovada, nonch\u00e9 le carni di selvaggina cucinate seguendo le antiche ricette tramandate per generazioni secondo la tradizione culinaria locale.<\/p>\n\n\n\n<h3 class=\"wp-block-heading\">Azienda Agricola Guerra<\/h3>\n\n\n\n<p>Nel cuore dei Colli Orientali, poco distante da Cividale, l\u2019azienda vitivinicola coltiva circa 10 ettari di viti. La zona \u00e8 particolarmente adatta alla coltivazione dei grandi classici della tradizione friulana tra cui il Friulano, la Malvasia, la Ribolla Gialla, il Picolit, il Refosco, conosciuti ed apprezzati anche all\u2019estero per i loro bouquet intriganti e unici.<\/p>\n\n\n\n<h3 class=\"wp-block-heading\">Birrificio Gjulia &amp; Wine Shop Alturis<\/h3>\n\n\n\n<p>Cereali di produzione propria, lavoro manuale e capacit\u00e0 imprenditoriale forte di un sapere tramandato da generazioni rendono la Birreria Agricola Gjulia a San Pietro al Natisone una conferma di autenticit\u00e0 e ritorno alla terra. \u00c8 qui che la lavorazione artigianale incontra la sensibilit\u00e0 dei palati contemporanei dando vita a birre dal sapore unico. L\u2019azienda produce anche una vasta selezione di ottimi vini: dai bianchi autoctoni (Friulano, Ribolla Gialla) ai grandi classici, dai rossi autoctoni e classici (Refosco, Cabernet Franc, Pinot Nero) alle grandi eccellenze (Rosato, Verduzzo e Prosecco).<\/p>\n\n\n\n<h3 class=\"wp-block-heading\">Gubane Vogrig<\/h3>\n\n\n\n<p>Dal 1963 la pasticceria prepara con passione e ingredienti di qualit\u00e0 i prodotti simbolo della tradizione dolciaria della regione. Nel punto vendita troverai la famosa gubana, il dolce delle Valli del Natisone ripieno di noci, nocciole, pinoli, uva passa e scorza di limone, gli Struky, morbidi pasticcini con lo stesso ripieno della gubana e molto altro ancora.<\/p>\n\n\n\n<h2 class=\"wp-block-heading\">Un luogo unico per ricaricare le energie<\/h2>\n\n\n\n<p>Immergersi nella Natura e ascoltare i suoi suoni \u00e8 il modo migliore per rigenerare corpo e mente e vivere a pieno l\u2019esperienza alla base del progetto Friland.<\/p>\n\n\n\n<p>Solo qui sul Monte Joanaz potrai:<\/p>\n\n\n\n<ul class=\"wp-block-list\">\n<li>dormire sulla cima di una delle vette delle Prealpi Giulie \u26f0\ufe0f<\/li>\n\n\n\n<li>goderti il tramonto da un punto di vista privilegiato dalla finestra Friland<\/li>\n\n\n\n<li>degustare ottimi piatti preparati con ingredienti biologici all\u2019agriturismo Zaro<\/li>\n\n\n\n<li>passeggiare tra le vie di Cividale del Friuli e assaggiare la gubana \ud83c\udf70<\/li>\n\n\n\n<li>percorrere sentieri immersi nel silenzio dei boschi<\/li>\n\n\n\n<li>pedalare tra le strade che hanno segnato una tappa del Giro d\u2019Italia \ud83d\udeb4\ud83c\udffb<\/li>\n\n\n\n<li>immortalare incantevoli panorami dalla cima del Monte Joanaz \ud83d\udcf8 \ud83c\udfde\ufe0f<\/li>\n\n\n\n<li>osservare la volta celeste da un punto di vista privilegiato<\/li>\n\n\n\n<li>passeggiare lungo il fiume Natisone e fare un bagno rigenerante<\/li>\n\n\n\n<li>avvistare lepri e caprioli che passano nel bosco antistante Friland \ud83e\udd8c\ud83d\udc3e<\/li>\n<\/ul>\n","protected":false},"excerpt":{"rendered":"<p>Ti trovi sul Monte Joanaz a 1167 metri sul livello del mare, una delle vette delle Prealpi Giulie incastonata nel comune di Torreano di Cividale! L\u2019ampio spazio aperto dove \u00e8 situato il nostro alloggio offre l\u2019opportunit\u00e0 di godere di molte ore di sole durante le tiepide giornate primaverili e di ammirare magnifici cieli stellati durante [&hellip;]<\/p>\n","protected":false},"author":3,"featured_media":225,"comment_status":"open","ping_status":"closed","sticky":false,"template":"","format":"standard","meta":{"powered_cache_disable_cache":false,"powered_cache_disable_lazyload":false,"powered_cache_disable_critical_css":false,"powered_cache_specific_critical_css":false,"powered_cache_disable_ucss":false,"powered_cache_specific_ucss":false,"powered_cache_disable_css_optimization":false,"powered_cache_disable_js_optimization":false,"powered_cache_disable_js_defer":false,"powered_cache_disable_js_delay":false,"footnotes":""},"categories":[8],"tags":[],"class_list":["post-224","post","type-post","status-publish","format-standard","has-post-thumbnail","hentry","category-territorio"],"_links":{"self":[{"href":"https:\/\/fri.land\/blog\/wp-json\/wp\/v2\/posts\/224","targetHints":{"allow":["GET"]}}],"collection":[{"href":"https:\/\/fri.land\/blog\/wp-json\/wp\/v2\/posts"}],"about":[{"href":"https:\/\/fri.land\/blog\/wp-json\/wp\/v2\/types\/post"}],"author":[{"embeddable":true,"href":"https:\/\/fri.land\/blog\/wp-json\/wp\/v2\/users\/3"}],"replies":[{"embeddable":true,"href":"https:\/\/fri.land\/blog\/wp-json\/wp\/v2\/comments?post=224"}],"version-history":[{"count":2,"href":"https:\/\/fri.land\/blog\/wp-json\/wp\/v2\/posts\/224\/revisions"}],"predecessor-version":[{"id":1562,"href":"https:\/\/fri.land\/blog\/wp-json\/wp\/v2\/posts\/224\/revisions\/1562"}],"wp:featuredmedia":[{"embeddable":true,"href":"https:\/\/fri.land\/blog\/wp-json\/wp\/v2\/media\/225"}],"wp:attachment":[{"href":"https:\/\/fri.land\/blog\/wp-json\/wp\/v2\/media?parent=224"}],"wp:term":[{"taxonomy":"category","embeddable":true,"href":"https:\/\/fri.land\/blog\/wp-json\/wp\/v2\/categories?post=224"},{"taxonomy":"post_tag","embeddable":true,"href":"https:\/\/fri.land\/blog\/wp-json\/wp\/v2\/tags?post=224"}],"curies":[{"name":"wp","href":"https:\/\/api.w.org\/{rel}","templated":true}]}}