{"id":2696,"date":"2026-03-17T17:36:52","date_gmt":"2026-03-17T16:36:52","guid":{"rendered":"https:\/\/fri.land\/blog\/?p=2696"},"modified":"2026-04-15T16:11:07","modified_gmt":"2026-04-15T14:11:07","slug":"prugnola-val-tidone","status":"publish","type":"post","link":"https:\/\/fri.land\/blog\/prugnola-val-tidone\/","title":{"rendered":"Prugnola &#8211; Val Tidone"},"content":{"rendered":"\n<figure class=\"wp-block-image size-large\"><img decoding=\"async\" width=\"1200\" height=\"803\" src=\"https:\/\/fri.land\/blog\/wp-content\/uploads\/2026\/03\/Screenshot-2026-03-17-alle-16.45.28-1-1200x803.png\" alt=\"\" class=\"wp-image-2799\" srcset=\"https:\/\/fri.land\/blog\/wp-content\/uploads\/2026\/03\/Screenshot-2026-03-17-alle-16.45.28-1-1200x803.png 1200w, https:\/\/fri.land\/blog\/wp-content\/uploads\/2026\/03\/Screenshot-2026-03-17-alle-16.45.28-1-300x201.png 300w, https:\/\/fri.land\/blog\/wp-content\/uploads\/2026\/03\/Screenshot-2026-03-17-alle-16.45.28-1-768x514.png 768w, https:\/\/fri.land\/blog\/wp-content\/uploads\/2026\/03\/Screenshot-2026-03-17-alle-16.45.28-1-1536x1028.png 1536w, https:\/\/fri.land\/blog\/wp-content\/uploads\/2026\/03\/Screenshot-2026-03-17-alle-16.45.28-1-2048x1370.png 2048w\" sizes=\"(max-width: 1200px) 100vw, 1200px\" \/><\/figure>\n\n\n\n<hr class=\"wp-block-separator has-alpha-channel-opacity\"\/>\n\n\n\n<h2 class=\"wp-block-heading has-text-align-left\"><mark style=\"background-color:rgba(0, 0, 0, 0)\" class=\"has-inline-color has-primary-color\">La tua Esperienza<\/mark><\/h2>\n\n\n\n<p><em>Svegliarsi con la nebbia che si dirada lentamente svelando il profilo della Rocca d\u2019Olgisio. Un caff\u00e8 caldo, il cinguettio dell\u2019upupa che sorvola la valle e la sensazione che il tempo, qui, abbia finalmente deciso di rallentare.<\/em><\/p>\n\n\n\n<p><\/p>\n\n\n\n<p>La Val Tidone non si concede subito; va scoperta con passo lento. \u00c8 una terra di <strong>confine e di contrasti<\/strong>, dove l\u2019ordine geometrico dei vigneti cede improvvisamente il passo a boschi selvaggi e rupi di arenaria.<br>\u00c8 una valle che sa di terra, vino e boschi antichi.<br>\u00c8 un \u201caltrove\u201d a un passo dalla citt\u00e0. Un luogo dove il lusso non \u00e8 nell\u2019abbondanza, ma nel silenzio e nella qualit\u00e0 del tempo.<\/p>\n\n\n\n<h3 class=\"wp-block-heading\">Solo qui potrai<\/h3>\n\n\n\n<p class=\"has-text-align-left\"><em>Scoprire un frammento di Alpi &#8220;fuori posto&#8221;<\/em>. Al <strong>Giardino Alpino di Pietra Corva<\/strong>, puoi osservare fioriture d&#8217;alta quota che tecnicamente non dovrebbero essere l\u00ec. Solo qui l\u2019Appennino decide di giocare a fare le Alpi, regalandoti la vista di stelle alpine e orchidee rare a pochi passi dalle colline.<\/p>\n\n\n\n<p class=\"has-text-align-left\"><em>Sentire il respiro della terra nelle Grotte di Arenaria<\/em>. Sotto le fondamenta millenarie della <strong>Rocca d&#8217;Olgisio<\/strong>, puoi addentrarti in cavit\u00e0 naturali scavate dal vento e dal tempo. Solo qui l\u2019arenaria sembra vibrare, offrendoti rifugi naturali che un tempo ospitavano eremiti e oggi custodiscono il silenzio pi\u00f9 profondo della valle.<\/p>\n\n\n\n<p class=\"has-text-align-left\"><em>Ascoltare i suoni della natura e lasciarti avvolgere da una sensazione di <strong>rigenerante tranquillit\u00e0<\/strong>. <\/em>In Val Tidone, la quiete non \u00e8 mai un vuoto, ma una presenza che ti accoglie. \u00c8 una sinfonia fatta di suoni dimenticati: il richiamo lontano di un falco, lo scricchiolio del sottobosco, il respiro profondo della terra all&#8217;imbrunire.<\/p>\n\n\n\n<p class=\"has-text-align-left\"><em>Vedere le stelle riflesse in un bicchiere di &#8220;Gutturnio&#8221;, vino rosso DOC tipico dei Colli Piacentini<\/em>. Nelle notti pi\u00f9 limpide il cielo della Val Tidone diventa un tappeto di stelle. Qui avrai la sensazione di essere in un osservatorio astronomico naturale, dove l&#8217;unico confine \u00e8 l&#8217;orizzonte delle colline.<\/p>\n\n\n\n<p class=\"has-text-align-left\"><em>Assaggiare il <strong>Batar\u00f6<\/strong>, il segreto croccante della valle<\/em>. Solo qui potrai gustare questo pane antico, schiacciato e cotto nel forno a legna, farcito con la &#8220;picula &#8216;d caval&#8221; o i salumi piacentini. Non \u00e8 una focaccia, non \u00e8 una piadina: \u00e8 il gusto autentico della resistenza contadina.<\/p>\n\n\n\n<hr class=\"wp-block-separator has-alpha-channel-opacity\"\/>\n\n\n\n<h3 class=\"wp-block-heading\">Luoghi da non perdere<\/h3>\n\n\n\n<p><strong>Il <a href=\"https:\/\/sentierodeltidone.eu\/doc\/sentiero_del_tidone.pdf\" target=\"_blank\" rel=\"noopener\">Sentiero del Tidone<\/a>: il tratto Nibbiano-Molato<\/strong><\/p>\n\n\n\n<p class=\"has-text-align-left\">Se cercate il battito vitale della valle, lo troverete seguendo il corso del torrente che parte da<strong> <\/strong>Pianello. Qui il paesaggio si fa intimo: il sentiero si snoda proprio accanto all&#8217;alveo. Camminerete su un tappeto di ciottoli bianchi levigati dal tempo, mentre il torrente danza tra piccole cascate naturali e anse cristalline. \u00c8 un percorso che invita alla sosta: il suono dell\u2019acqua che scivola sulle rocce \u00e8 una terapia naturale contro la frenesia della quotidianit\u00e0.<\/p>\n\n\n\n<p><strong><a href=\"https:\/\/www.travelvaltidone.it\/3-cose-da-fare-lago-di-trebecco\/\" target=\"_blank\" rel=\"noopener\">La Diga del Molato e il Lago di Trebecco<\/a><\/strong><\/p>\n\n\n\n<p class=\"has-text-align-left\">A soli cinque minuti, il paesaggio cambia improvvisamente. La strada si stringe, le pareti di roccia si fanno pi\u00f9 vicine e, all\u2019improvviso, appare lei: la <strong>Diga del Molato<\/strong>. Un\u2019opera che non \u00e8 solo ingegneria, ma una scultura monumentale che da quasi un secolo custodisce il cuore della valle. Costruita negli anni &#8217;20, la diga \u00e8 un esempio straordinario di architettura <strong>Art D\u00e9co e Liberty<\/strong> applicata alle grandi opere. Dall&#8217;altra parte della diga si svela il <strong>Lago di Trebecco<\/strong>. \u00c8 un bacino artificiale che ha saputo farsi adottare dalla natura. Le colline scendono ripide verso l&#8217;acqua, creando insenature che ricordano i fiordi norvegesi, ma con i colori caldi dell&#8217;Appennino.<\/p>\n\n\n\n<p>uoi percorrere il sentiero che costeggia la sponda sinistra del lago. \u00c8 un tracciato panoramico, immerso nel bosco, dove il rumore dei tuoi passi sulle foglie secche \u00e8 l&#8217;unico suono che disturba il silenzio. Visita la diga al <strong>crepuscolo<\/strong>. Quando le luci della struttura si accendono e il cielo si tinge di viola, la sensazione di isolamento e di pace \u00e8 totale.<\/p>\n\n\n\n<p><strong><a href=\"https:\/\/www.travelvaltidone.it\/monte-aldone-val-tidone\/\" target=\"_blank\" rel=\"noopener\">Il Monte l\u2019Aldone: la sentinella della Valle<\/a><\/strong><\/p>\n\n\n\n<p class=\"has-text-align-left\">Se la valle \u00e8 il luogo dell\u2019acqua e delle vigne, l\u2019Aldone \u00e8 il luogo dell\u2019aria e dello sguardo lungo. \u00c8 la montagna &#8220;di casa&#8221; per chi vive a Nibbiano, una piramide verde che cambia d\u2019abito a ogni stagione, passando dal verde smeraldo della primavera al ruggine profondo dell\u2019autunno.<\/p>\n\n\n\n<p class=\"has-text-align-left\">Risalire le pendici dell\u2019Aldone significa immergersi in un ecosistema vibrante. Il sentiero si snoda tra <strong>boschi fitti di castagni, querce e carpini<\/strong>, dove la luce filtra tra le fronde creando giochi d\u2019ombra ipnotici. Una volta raggiunta la cima, la ricompensa \u00e8 una <strong>vertigine dolce<\/strong>.<\/p>\n\n\n\n<hr class=\"wp-block-separator has-alpha-channel-opacity\"\/>\n\n\n\n<h3 class=\"wp-block-heading\">Escursioni<\/h3>\n\n\n\n<p class=\"has-text-align-left\">Grazie alla nostra collaborazione con <strong><a href=\"https:\/\/www.komoot.com\/it-it\" target=\"_blank\" rel=\"noopener\">Komoot<\/a><\/strong> \u2013 la piattaforma ideale per pianificare escursioni all\u2019aria aperta \u2013 abbiamo selezionato e raccolto i nostri itinerari preferiti da percorrere a piedi o in bicicletta.<\/p>\n\n\n\n<p>All\u2019interno di queste raccolte troverai tutte le informazioni utili per preparare al meglio la tua uscita:<\/p>\n\n\n\n<p><strong><a href=\"https:\/\/www.komoot.com\/it-it\/collection\/4177445\/-friland-val-tidone-escursioni-a-piedii\" data-type=\"link\" data-id=\"https:\/\/www.komoot.com\/it-it\/collection\/2065383\/-friland-monte-prat-alla-scoperta-dell-altopiano-a-piedi\" target=\"_blank\" rel=\"noopener\">Escursioni a piedi<\/a><\/strong><\/p>\n\n\n\n<p><strong><a href=\"https:\/\/www.komoot.com\/it-it\/collection\/4177573\/-friland-val-tidone-escursioni-in-bici\" data-type=\"link\" data-id=\"https:\/\/www.komoot.com\/it-it\/collection\/2075061\/-friland-monte-prat-in-bicicletta\" target=\"_blank\" rel=\"noopener\">Tour in bici<\/a><\/strong><\/p>\n\n\n\n<hr class=\"wp-block-separator has-alpha-channel-opacity\"\/>\n\n\n\n<h3 class=\"wp-block-heading\">Dove mangiare<\/h3>\n\n\n\n<p>In Val Tidone, la tavola racconta la terra con pochi ed eccellenti ingredienti. Da non perdere i <strong>Pisarei e fa\u015b\u00f6<\/strong>, gnocchetti di farina e pangrattato in un ricco sugo di fagioli e pomodoro (ottimi anche in versione vegetariana), e i <strong>Tortelli con la coda<\/strong>, intrecciati a mano e ripieni di ricotta e spinaci.<\/p>\n\n\n\n<p>Per uno piatto autentico prova il <strong>Batar\u00f6<\/strong>, la tipica focaccina di mais e grano cotta nel forno a legna, perfetta da abbinare a un calice di <strong>Gutturnio<\/strong> o <strong>Ortrugo<\/strong>, i vini che sono l&#8217;anima liquida di queste colline.<\/p>\n\n\n\n<p><\/p>\n\n\n\n<p><strong>Ristoranti<\/strong><\/p>\n\n\n\n<p class=\"has-text-align-left\"><a href=\"https:\/\/maps.app.goo.gl\/gNLSy2dJ8Qm7AdQR8\" target=\"_blank\" rel=\"noopener\">Trattoria Chiarone<\/a><\/p>\n\n\n\n<p><a href=\"https:\/\/maps.app.goo.gl\/Vc7xCFXES2XszQZG7\" target=\"_blank\" rel=\"noopener\">Trattoria della Pace<\/a><\/p>\n\n\n\n<p><a href=\"https:\/\/maps.app.goo.gl\/9QLx9APsbFyc1XxL6\" target=\"_blank\" rel=\"noopener\">Ristorante Le Proposte<\/a><\/p>\n\n\n\n<p><strong>Alimentari<\/strong><\/p>\n\n\n\n<p><a href=\"https:\/\/www.amazon.it\/stores\/page\/6138B093-6006-4CA7-8E1D-3A8A147B59CB\" target=\"_blank\" rel=\"noopener\">Armu &#8211; Azienda Agricola<\/a><\/p>\n\n\n\n<p class=\"has-text-align-left\"><a href=\"https:\/\/maps.app.goo.gl\/C2huLe2vRc4ugvWC8\" target=\"_blank\" rel=\"noopener\">Salumificio Chiarone di Oddi Emilio<\/a><\/p>\n\n\n\n<p><a href=\"http:\/\/www.mielepiacentino.it\/riocanto\/\" target=\"_blank\" rel=\"noopener\">Apicoltura Rio Canto<\/a><\/p>\n\n\n\n<p><a href=\"https:\/\/maps.app.goo.gl\/Gjsh1or9Jj2QTGam6\" target=\"_blank\" rel=\"noopener\">Alimentari Braga<\/a><\/p>\n\n\n\n<p><a href=\"https:\/\/maps.app.goo.gl\/rEwuyFeShJX3vtke9\" target=\"_blank\" rel=\"noopener\">Vendita Diretta Latte<\/a><\/p>\n\n\n\n<p><a href=\"https:\/\/www.vinipiacentini.shop\/\" target=\"_blank\" rel=\"noopener\">Vigna La Giulia<\/a><\/p>\n\n\n\n<p><a href=\"https:\/\/maps.app.goo.gl\/16J8fz5LywmMiKMn6\" target=\"_blank\" rel=\"noopener\">La Bottega di Vico<\/a><\/p>\n\n\n\n<hr class=\"wp-block-separator has-alpha-channel-opacity\"\/>\n\n\n\n<h3 class=\"wp-block-heading\">Arricchisci la tua esperienza<\/h3>\n\n\n\n<p>Antonio, Angela e Lucia, i partner in loco che si occupano della casetta, offrono diverse proposte locali e genuine agli ospiti:<\/p>\n\n\n\n<p><strong>Risveglio della valle<\/strong><\/p>\n\n\n\n<p><em>Colazione in cesto<\/em>&nbsp;per due persone \u2013 25 euro<\/p>\n\n\n\n<p>Una selezione pensata per chi ama iniziare la giornata con lentezza.<br>All\u2019interno troverai la freschezza del succo d\u2019arancia e la dolcezza delle confetture artigianali, accompagnate da biscotti fatti a mano o una crostata del giorno dal sapore autentico. Completa il cestino una scelta di frutta fresca di stagione.<\/p>\n\n\n\n<p><strong>Aperitivo nel paesaggio<\/strong><\/p>\n\n\n\n<p><em>Tagliere del territorio<\/em>&nbsp;per due persone \u2013 30 euro<\/p>\n\n\n\n<p>Il compagno perfetto per un brindisi davanti alla grande vetrata.<br>Questa proposta unisce una bottiglia di vino locale, rosso o bianco, a una selezione di formaggi del territorio. Il tutto \u00e8 accompagnato dalla croccantezza di grissini o taralli artigianali e da una manciata di frutta secca, per un momento di puro relax.<\/p>\n\n\n\n<p><strong>Dalla cantina<\/strong><\/p>\n\n\n\n<p>Per i tuoi momenti speciali, puoi scegliere una selezione di etichette locali.<br>Un Rosso fermo (\u20ac15,00), dal corpo avvolgente e dai sentori del territorio, oppure uno Spumante Extra Dry (\u20ac18,00), ideale per un brindisi luminoso sotto il cielo stellato.<\/p>\n\n\n\n<p><\/p>\n\n\n\n<p>Per prenotare tali servizi ti chiediamo di contattarli con&nbsp;<strong>qualche giorno di anticipo<\/strong>&nbsp;(almeno 48h) rispetto all\u2019arrivo.<br><br>Puoi contattarli su Whatsapp o via SMS al&nbsp;\u202a+39&nbsp;351&nbsp;564&nbsp;9685\u202c.<br>Il pagamento avverr\u00e0 direttamente ai partner, in contanti o tramite bonifico.<\/p>\n\n\n\n<div class=\"wp-block-buttons is-layout-flex wp-block-buttons-is-layout-flex\">\n<div class=\"wp-block-button\"><a class=\"wp-block-button__link wp-element-button\" href=\"http:\/\/wa.me\/\u202a393515649685\u202c\" target=\"_blank\" rel=\"noopener\"><strong>PRENOTA IL SERVIZIO<\/strong><\/a><\/div>\n<\/div>\n\n\n\n<hr class=\"wp-block-separator has-alpha-channel-opacity\"\/>\n\n\n\n<h3 class=\"wp-block-heading\">Cosa portare con te<\/h3>\n\n\n\n<p>Per vivere al meglio l\u2019esperienza Friland, ecco qualche consiglio su cosa mettere in valigia:<\/p>\n\n\n\n<ul class=\"wp-block-list\">\n<li><strong>Abbigliamento adatto alla stagione e al meteo<\/strong>, per goderti ogni momento in totale comfort;<\/li>\n\n\n\n<li><strong>Un plaid caldo<\/strong>, perfetto per rilassarti e osservare il cielo stellato appena fuori dalla Stanza;<\/li>\n\n\n\n<li><strong>Gli ingredienti per preparare i tuoi piatti preferiti,<\/strong>&nbsp;per una cena e una colazione che sanno di casa;<\/li>\n\n\n\n<li><strong>Acqua in bottiglia<\/strong>, per dissetarti dopo una passeggiata;<\/li>\n\n\n\n<li><strong>Prodotti per l\u2019igiene personale<\/strong>, per prenderti cura di te anche nella natura;<\/li>\n\n\n\n<li><strong>Scarponcini comodi<\/strong>, ideali per esplorare la natura che ti circonda;<\/li>\n\n\n\n<li><strong>Un buon libro<\/strong>, per trovare ispirazione e concederti una pausa di lettura;<\/li>\n\n\n\n<li><strong>Una torcia<\/strong>, per esplorare la natura dopo il calar del sole;<\/li>\n\n\n\n<li><strong>Matite, acquerelli o qualsiasi strumento per il tuo lato creativo<\/strong>, per catturare in libert\u00e0 l\u2019essenza del momento.<\/li>\n\n\n\n<li>Nelle giornate pi\u00f9 calde ti consigliamo di portare con te una&nbsp;<strong>borsa termica<\/strong>&nbsp;per mantenere gli alimenti al fresco. Il mini frigo presente nella casetta, con le temperature pi\u00f9 alte, potrebbe non essere sufficiente a mantenere al fresco tutti gli alimenti.<\/li>\n\n\n\n<li>In inverno dota la macchina di<strong>&nbsp;catene da neve&nbsp;<\/strong>e porta con te un paio di&nbsp;<strong>scarponcini per camminare sulla neve<\/strong>.<\/li>\n<\/ul>\n\n\n\n<p class=\"has-text-align-left\">Lasciati ispirare e porta con te ci\u00f2 che pi\u00f9 rispecchia il tuo modo di vivere la natura.<\/p>\n\n\n\n<p>Nelle casette <strong>NON c&#8217;\u00e8 l&#8217;asciugacapelli<\/strong>, se desideri puoi portarne uno con te. Ti chiediamo di utilizzarlo con parsimonia: le casette sono alimentate dai pannelli solari. <\/p>\n\n\n\n<hr class=\"wp-block-separator has-alpha-channel-opacity\"\/>\n\n\n\n<h3 class=\"wp-block-heading\">Immergiti nell&#8217;atmosfera Friland<\/h3>\n\n\n\n<figure class=\"wp-block-embed alignleft is-type-rich is-provider-spotify wp-block-embed-spotify wp-embed-aspect-21-9 wp-has-aspect-ratio\"><div class=\"wp-block-embed__wrapper\">\n<iframe title=\"Spotify Embed: Friland\" style=\"border-radius: 12px\" width=\"100%\" height=\"352\" frameborder=\"0\" allowfullscreen allow=\"autoplay; clipboard-write; encrypted-media; fullscreen; picture-in-picture\" loading=\"lazy\" src=\"https:\/\/open.spotify.com\/embed\/artist\/6Ck3C5JN6feb57ZLBAQaHY?si=wAr3V_4tRemZ9JLaHtUEPw&amp;utm_source=oembed\"><\/iframe>\n<\/div><\/figure>\n\n\n\n<hr class=\"wp-block-separator has-alpha-channel-opacity\"\/>\n\n\n\n<div class=\"wp-block-group is-nowrap is-layout-flex wp-container-core-group-is-layout-ad2f72ca wp-block-group-is-layout-flex\"><\/div>\n\n\n\n<h2 class=\"wp-block-heading\"><mark style=\"background-color:rgba(0, 0, 0, 0)\" class=\"has-inline-color has-primary-color\">La Destinazione<\/mark><\/h2>\n\n\n\n<h3 class=\"wp-block-heading\">La mappa<\/h3>\n\n\n\n<iframe src=\"https:\/\/www.google.com\/maps\/d\/u\/4\/embed?mid=1_kq5rWNezgRKnHi6VH_BBHpCXM_HOyE&#038;ehbc=2E312F\" width=\"640\" height=\"480\"><\/iframe>\n\n\n\n<hr class=\"wp-block-separator has-alpha-channel-opacity\"\/>\n\n\n\n<h3 class=\"wp-block-heading\">Come raggiungere la Stanza<\/h3>\n\n\n\n<p class=\"has-text-align-left\">Segui il&nbsp;<strong><a href=\"https:\/\/maps.app.goo.gl\/gYUdayZidjUuj6rX9\" target=\"_blank\" rel=\"noopener\">pin point&nbsp;<\/a><\/strong>che ti porter\u00e0 vicino alla Stanza.<\/p>\n\n\n\n<p class=\"has-text-align-left\">Al <a href=\"https:\/\/maps.app.goo.gl\/drrynt4DduX9WZvg7\" target=\"_blank\" rel=\"noopener\"><strong>bivio<\/strong><\/a> in Localit\u00e0 Case Gazzoli, segui l&#8217;indicazione per Valle degli Amici.&nbsp;<\/p>\n\n\n\n<p>Parcheggia l&#8217;auto in <a href=\"https:\/\/maps.app.goo.gl\/DE1xutrEe1uj9aW59\" target=\"_blank\" rel=\"noopener\"><strong>questo spiazzo<\/strong><\/a> a destra della stradina, senza intralciare il passaggio, e dirigiti nel prato a sinistra.  <\/p>\n\n\n\n<p class=\"has-text-align-left\">Prosegui dritto per 100 metri fino a vedere la casetta di fronte a te.<\/p>\n\n\n\n<hr class=\"wp-block-separator has-alpha-channel-opacity\"\/>\n\n\n\n<h2 class=\"wp-block-heading\"><mark style=\"background-color:rgba(0, 0, 0, 0)\" class=\"has-inline-color has-primary-color\">La Stanza<\/mark><\/h2>\n\n\n\n<h3 class=\"wp-block-heading\">Check-in e Check-out<\/h3>\n\n\n\n<p class=\"has-text-align-left\">Per il ritiro della chiavi e l&#8217;accesso alla Stanza, effettuabile dalle&nbsp;<strong>15<\/strong>&nbsp;in poi, troverai una cassettina nera per le chiavi (smart-lock) posizionata sul retro della Stanza, in corrispondenza del gancio di traino, accanto al portellone del vano tecnico.<\/p>\n\n\n\n<p><strong>48h prima dell&#8217;arrivo, una volta completato il check-in online, riceverai il codice per recuperare le chiavi.<\/strong><\/p>\n\n\n\n<p>Per il&nbsp;<strong>CHECK-OUT<\/strong>, da svolgersi entro le&nbsp;<strong>11<\/strong>, assicurati di:<\/p>\n\n\n\n<div class=\"wp-block-group\"><div class=\"wp-block-group__inner-container is-layout-constrained wp-block-group-is-layout-constrained\">\n<ul class=\"wp-block-list\">\n<li>riporre le chiavi nell\u2019apposito smart-lock e rimescolare la combinazione;<\/li>\n<\/ul>\n\n\n\n<ul class=\"wp-block-list\">\n<li>chiudere tutte le finestre;<\/li>\n<\/ul>\n\n\n\n<ul class=\"wp-block-list\">\n<li>spegnere tutte le luci e non lasciare rubinetti aperti.<\/li>\n<\/ul>\n<\/div><\/div>\n\n\n\n<hr class=\"wp-block-separator has-alpha-channel-opacity\"\/>\n\n\n\n<h3 class=\"wp-block-heading\">Come chiudere a chiave la porta<\/h3>\n\n\n\n<p>Seguendo questa procedura, riuscirai a chiudere la porta dall&#8217;interno correttamente:<\/p>\n\n\n\n<ul class=\"wp-block-list\">\n<li>apri la porta dall\u2019esterno a porta aperta, gira la chiave nella serratura in senso antiorario e successivamente togli la chiave (<strong>ti raccomandiamo di tenerla con te<\/strong>).<\/li>\n\n\n\n<li>entra in stanza e accompagna la porta, chiudendola. In questo modo da fuori nessuno potr\u00e0 aprire ma da dentro la porta sar\u00e0 sempre pronta per essere aperta.<\/li>\n<\/ul>\n\n\n\n<p class=\"has-text-align-left\">Ricorda,&nbsp; inoltre, che se chiudi la porta con questa procedura ed eventualmente esci dall\u2019alloggio,&nbsp;<strong>porta con te la chiave&nbsp;<\/strong>altrimenti non avrai modo di riaprire la porta.<\/p>\n\n\n\n<hr class=\"wp-block-separator has-alpha-channel-opacity\"\/>\n\n\n\n<h3 class=\"wp-block-heading\">Regole della Stanza<\/h3>\n\n\n\n<p class=\"has-text-align-left\"><br>Poich\u00e9 il nostro alloggio \u00e8 off-grid e non collegato alla rete, ci sono alcune precauzioni da seguire:<\/p>\n\n\n\n<ul class=\"wp-block-list\">\n<li>\u00c8&nbsp;<strong>vietato fumare e accendere fuochi&nbsp;<\/strong>in zone non designate, a meno che non sia presente un braciere all&#8217;esterno.<\/li>\n\n\n\n<li>L&#8217;acqua e l&#8217;elettricit\u00e0 sono&nbsp;<strong>risorse limitate<\/strong>, quindi ti chiediamo gentilmente di evitare gli sprechi.<\/li>\n\n\n\n<li>Ti preghiamo di utilizzare l&#8217;acqua all&#8217;interno dell&#8217;alloggio solo per scopi alimentari e igienici,&nbsp;<strong>evitando di berla<\/strong>&nbsp;direttamente.<\/li>\n\n\n\n<li><strong>Non lasciare cibo o spazzatura all&#8217;esterno<\/strong>&nbsp;per evitare di attirare animali selvatici.<\/li>\n<\/ul>\n\n\n\n<hr class=\"wp-block-separator has-alpha-channel-opacity\"\/>\n\n\n\n<h3 class=\"wp-block-heading\" id=\"heading16\">Contatti<\/h3>\n\n\n\n<p>In caso di necessit\u00e0 puoi contattarci<\/p>\n\n\n\n<div class=\"wp-block-buttons is-layout-flex wp-block-buttons-is-layout-flex\">\n<div class=\"wp-block-button\"><a class=\"wp-block-button__link wp-element-button\" href=\"https:\/\/cloud.aikosmo.com\/hotel\/fri-land-internal\/concierge?source=rooms\" target=\"_blank\" rel=\"noopener\"><strong>CLICCANDO QUI<\/strong><\/a><\/div>\n<\/div>\n\n\n\n<p class=\"has-text-align-left\">L\u2019assistenza \u00e8 attiva tutti i giorni dalle 8 alle 21.<\/p>\n\n\n\n<div class=\"wp-block-group is-nowrap is-layout-flex wp-container-core-group-is-layout-ad2f72ca wp-block-group-is-layout-flex\"><\/div>\n\n\n\n<h4 class=\"wp-block-heading has-text-align-left\">Ti auguriamo un piacevole soggiorno, non vediamo l&#8217;ora di ospitarti!<\/h4>\n\n\n\n<div class=\"wp-block-group is-nowrap is-layout-flex wp-container-core-group-is-layout-ad2f72ca wp-block-group-is-layout-flex\">\n<hr class=\"wp-block-separator has-alpha-channel-opacity is-style-default\"\/>\n<\/div>\n\n\n\n<hr class=\"wp-block-separator has-alpha-channel-opacity\"\/>\n\n\n\n<p><em>Hai voglia di lasciare qualche consiglio agli altri ospiti?<\/em><\/p>\n\n\n","protected":false},"excerpt":{"rendered":"<p>La tua Esperienza Svegliarsi con la nebbia che si dirada lentamente svelando il profilo della Rocca d\u2019Olgisio. Un caff\u00e8 caldo, il cinguettio dell\u2019upupa che sorvola la valle e la sensazione che il tempo, qui, abbia finalmente deciso di rallentare. La Val Tidone non si concede subito; va scoperta con passo lento. \u00c8 una terra di [&hellip;]<\/p>\n","protected":false},"author":7,"featured_media":2766,"comment_status":"closed","ping_status":"closed","sticky":false,"template":"","format":"standard","meta":{"powered_cache_disable_cache":false,"powered_cache_disable_lazyload":false,"powered_cache_disable_critical_css":false,"powered_cache_specific_critical_css":false,"powered_cache_disable_ucss":false,"powered_cache_specific_ucss":false,"powered_cache_disable_css_optimization":false,"powered_cache_disable_js_optimization":false,"powered_cache_disable_js_defer":false,"powered_cache_disable_js_delay":false,"footnotes":""},"categories":[7],"tags":[],"class_list":["post-2696","post","type-post","status-publish","format-standard","has-post-thumbnail","hentry","category-non-categorizzato"],"_links":{"self":[{"href":"https:\/\/fri.land\/blog\/wp-json\/wp\/v2\/posts\/2696","targetHints":{"allow":["GET"]}}],"collection":[{"href":"https:\/\/fri.land\/blog\/wp-json\/wp\/v2\/posts"}],"about":[{"href":"https:\/\/fri.land\/blog\/wp-json\/wp\/v2\/types\/post"}],"author":[{"embeddable":true,"href":"https:\/\/fri.land\/blog\/wp-json\/wp\/v2\/users\/7"}],"replies":[{"embeddable":true,"href":"https:\/\/fri.land\/blog\/wp-json\/wp\/v2\/comments?post=2696"}],"version-history":[{"count":4,"href":"https:\/\/fri.land\/blog\/wp-json\/wp\/v2\/posts\/2696\/revisions"}],"predecessor-version":[{"id":2819,"href":"https:\/\/fri.land\/blog\/wp-json\/wp\/v2\/posts\/2696\/revisions\/2819"}],"wp:featuredmedia":[{"embeddable":true,"href":"https:\/\/fri.land\/blog\/wp-json\/wp\/v2\/media\/2766"}],"wp:attachment":[{"href":"https:\/\/fri.land\/blog\/wp-json\/wp\/v2\/media?parent=2696"}],"wp:term":[{"taxonomy":"category","embeddable":true,"href":"https:\/\/fri.land\/blog\/wp-json\/wp\/v2\/categories?post=2696"},{"taxonomy":"post_tag","embeddable":true,"href":"https:\/\/fri.land\/blog\/wp-json\/wp\/v2\/tags?post=2696"}],"curies":[{"name":"wp","href":"https:\/\/api.w.org\/{rel}","templated":true}]}}